{"id":51380,"date":"2021-04-10T14:08:12","date_gmt":"2021-04-10T17:08:12","guid":{"rendered":"https:\/\/radiosolaris.com.br\/beta\/?p=51380"},"modified":"2021-04-10T14:08:16","modified_gmt":"2021-04-10T17:08:16","slug":"ipe-secretaria-da-saude-inicia-na-proxima-segunda-imunizacao-em-pessoas-de-64-anos-contra-a-covid-19","status":"publish","type":"post","link":"https:\/\/radiosolaris.com.br\/beta\/ipe-secretaria-da-saude-inicia-na-proxima-segunda-imunizacao-em-pessoas-de-64-anos-contra-a-covid-19\/","title":{"rendered":"Ip\u00ea: Secretaria da Sa\u00fade inicia na pr\u00f3xima segunda imuniza\u00e7\u00e3o em pessoas de 64 anos contra a Covid-19"},"content":{"rendered":"\n<h4 id=\"sera-a-sexta-edicao-da-imunizacao-no-modelo-drive-trhu\" class=\"wp-block-heading\">Ser\u00e1 a sexta edi\u00e7\u00e3o da imuniza\u00e7\u00e3o no modelo Drive Trhu<\/h4>\n\n\n\n<p>Na pr\u00f3xima segunda-feira (12), a Secretaria Municipal da Sa\u00fade de Ip\u00ea iniciar\u00e1 a aplica\u00e7\u00e3o da primeira dose da vacina contra a Covid-19 em pessoas com 64 anos.<\/p>\n\n\n\n<p>Adotando novamente o modelo Drive Trhu, a secretaria permite que as pessoas a serem imunizadas recebem a dose dentro do ve\u00edculo.<\/p>\n\n\n\n<p>A continuidade da vacina\u00e7\u00e3o ocorre em frente \u00e0 Igreja Matriz, das 9h \u00e0s 12h.<\/p>\n\n\n\n<p>Nas Unidades B\u00e1sicas de Sa\u00fade (UBSs) da Vila Segredo e S\u00e3o Paulo, a imuniza\u00e7\u00e3o \u00e9 realizada atrav\u00e9s de agendamento.<\/p>\n\n\n\n<p>Para receber a dose, \u00e9 importante ter em m\u00e3os a carteira de vacina\u00e7\u00e3o e CPF, al\u00e9m do cart\u00e3o do SUS (se tiver).<\/p>\n\n\n\n<div class=\"wp-block-image\"><figure class=\"aligncenter size-large is-resized\"><img  loading=\"lazy\"  decoding=\"async\"  src=\"data:image\/png;base64,iVBORw0KGgoAAAANSUhEUgAAAAEAAAABAQMAAAAl21bKAAAAA1BMVEUAAP+KeNJXAAAAAXRSTlMAQObYZgAAAAlwSFlzAAAOxAAADsQBlSsOGwAAAApJREFUCNdjYAAAAAIAAeIhvDMAAAAASUVORK5CYII=\"  alt=\"\"  class=\"wp-image-51051 pk-lazyload\"  width=\"361\"  height=\"361\"  data-pk-sizes=\"auto\"  data-pk-src=\"https:\/\/radiosolaris.com.br\/beta\/wp-content\/uploads\/2021\/04\/vacinacao-ipe-2-1024x1024.jpg\" ><\/figure><\/div>\n\n\n\n<p>Fonte: Grupo Solaris &#8211; Rep\u00f3rter Luiz Augusto Filipini<\/p>\n","protected":false},"excerpt":{"rendered":"<p>Ser\u00e1 a sexta edi\u00e7\u00e3o da imuniza\u00e7\u00e3o no modelo Drive Trhu Na pr\u00f3xima segunda-feira (12), a Secretaria Municipal da Sa\u00fade de Ip\u00ea iniciar\u00e1 a aplica\u00e7\u00e3o da primeira dose da vacina contra&hellip;<\/p>\n","protected":false},"author":1,"featured_media":51051,"comment_status":"closed","ping_status":"closed","sticky":false,"template":"","format":"standard","meta":{"_lmt_disableupdate":"","_lmt_disable":"","footnotes":""},"categories":[83],"tags":[3137,6422,116,161],"powerkit_post_featured":[],"class_list":{"0":"post-51380","1":"post","2":"type-post","3":"status-publish","4":"format-standard","5":"has-post-thumbnail","7":"category-serra-gaucha","8":"tag-covid-19","9":"tag-drive-trhu","10":"tag-ipe","11":"tag-vacinacao"},"modified_by":null,"_links":{"self":[{"href":"https:\/\/radiosolaris.com.br\/beta\/wp-json\/wp\/v2\/posts\/51380","targetHints":{"allow":["GET"]}}],"collection":[{"href":"https:\/\/radiosolaris.com.br\/beta\/wp-json\/wp\/v2\/posts"}],"about":[{"href":"https:\/\/radiosolaris.com.br\/beta\/wp-json\/wp\/v2\/types\/post"}],"author":[{"embeddable":true,"href":"https:\/\/radiosolaris.com.br\/beta\/wp-json\/wp\/v2\/users\/1"}],"replies":[{"embeddable":true,"href":"https:\/\/radiosolaris.com.br\/beta\/wp-json\/wp\/v2\/comments?post=51380"}],"version-history":[{"count":0,"href":"https:\/\/radiosolaris.com.br\/beta\/wp-json\/wp\/v2\/posts\/51380\/revisions"}],"wp:featuredmedia":[{"embeddable":true,"href":"https:\/\/radiosolaris.com.br\/beta\/wp-json\/wp\/v2\/media\/51051"}],"wp:attachment":[{"href":"https:\/\/radiosolaris.com.br\/beta\/wp-json\/wp\/v2\/media?parent=51380"}],"wp:term":[{"taxonomy":"category","embeddable":true,"href":"https:\/\/radiosolaris.com.br\/beta\/wp-json\/wp\/v2\/categories?post=51380"},{"taxonomy":"post_tag","embeddable":true,"href":"https:\/\/radiosolaris.com.br\/beta\/wp-json\/wp\/v2\/tags?post=51380"},{"taxonomy":"powerkit_post_featured","embeddable":true,"href":"https:\/\/radiosolaris.com.br\/beta\/wp-json\/wp\/v2\/powerkit_post_featured?post=51380"}],"curies":[{"name":"wp","href":"https:\/\/api.w.org\/{rel}","templated":true}]}}