{"id":50477,"date":"2021-03-26T09:39:28","date_gmt":"2021-03-26T12:39:28","guid":{"rendered":"https:\/\/radiosolaris.com.br\/beta\/?p=50477"},"modified":"2021-03-26T11:37:45","modified_gmt":"2021-03-26T14:37:45","slug":"flores-da-cunha-registra-o-39o-obito-por-covid-19","status":"publish","type":"post","link":"https:\/\/radiosolaris.com.br\/beta\/flores-da-cunha-registra-o-39o-obito-por-covid-19\/","title":{"rendered":"Flores da Cunha registra o 39\u00ba \u00f3bito por Covid-19"},"content":{"rendered":"\n<h4 id=\"se-trata-de-um-homem-de-61-anos-que-estava-internado-no-hospital-fatima\" class=\"wp-block-heading\">Se trata de um homem de 61 anos, que estava internado no Hospital F\u00e1tima<\/h4>\n\n\n\n<p>A Secretaria Municipal de Sa\u00fade (SMS) de Flores da Cunha, por meio do Centro de Opera\u00e7\u00f5es de Emerg\u00eancias, informa nesta sexta-feira (26), a 39\u00aa morte por Covid-19 do munic\u00edpio. Se trata de um homem de 61 anos, que estava internado no Hospital F\u00e1tima.<\/p>\n\n\n\n<p>Somente em mar\u00e7o, segundo balan\u00e7o da R\u00e1dio Solaris com base nos dados da SMS, a cidade j\u00e1 registrou 23 mortes em decorr\u00eancia do v\u00edrus. At\u00e9 o momento, 2959 pessoas j\u00e1 foram vacinadas, entre profissionais da \u00e1rea da sa\u00fade, profissionais que atuam nos servi\u00e7os de sa\u00fade e idosos acima de 70 anos.<\/p>\n\n\n\n<figure class=\"wp-block-table\"><table><tbody><tr><td><\/td><td><strong><em>DATA<\/em><\/strong><\/td><td><strong><em>IDADE&nbsp;<\/em><\/strong><\/td><\/tr><tr><td>1\u00ba<\/td><td>21\/06\/2020<\/td><td>Mulher de 54 anos<\/td><\/tr><tr><td>2\u00ba<\/td><td>21\/08\/2020<\/td><td>Mulher de 67 anos<\/td><\/tr><tr><td>3\u00ba<\/td><td>25\/09\/2020<\/td><td>Mulher de 85 anos<\/td><\/tr><tr><td>4\u00ba<\/td><td>28\/09\/2020<\/td><td>Homem de 53 anos<\/td><\/tr><tr><td>5\u00ba<\/td><td>29\/09\/2020<\/td><td>Mulher de 61 anos<\/td><\/tr><tr><td>6\u00ba<\/td><td>30\/10\/2020<\/td><td>Homem de 79 anos<\/td><\/tr><tr><td>7\u00ba<\/td><td>06\/11\/2020<\/td><td>Mulher de 64 anos<\/td><\/tr><tr><td>8\u00ba<\/td><td>16\/11\/2020<\/td><td>Homem de 59 anos<\/td><\/tr><tr><td>9\u00ba<\/td><td>13\/12\/2020<\/td><td>Mulher de 82 anos<\/td><\/tr><tr><td>10\u00ba<\/td><td>13\/12\/2020<\/td><td>Homem de 72 anos<\/td><\/tr><tr><td>11\u00ba<\/td><td>21\/12\/2020<\/td><td>Homem de 49 anos<\/td><\/tr><tr><td>12\u00ba<\/td><td>26\/12\/2020<\/td><td>Homem de 52 anos<\/td><\/tr><tr><td>13\u00ba<\/td><td>28\/12\/2020<\/td><td>Mulher de 80 anos<\/td><\/tr><tr><td>14\u00ba<\/td><td>14\/01\/2021<\/td><td>Homem de 58 anos<\/td><\/tr><tr><td>15\u00ba<\/td><td>12\/02\/2021<\/td><td>Mulher de 78 anos<\/td><\/tr><tr><td>16\u00ba<\/td><td>26\/02\/2021<\/td><td>Homem de 81 anos<\/td><\/tr><tr><td>17\u00ba<\/td><td>04\/03\/2021<\/td><td>Homem de 86 anos<\/td><\/tr><tr><td>18\u00ba<\/td><td>07\/03\/2021<\/td><td>Mulher de 88 anos<\/td><\/tr><tr><td>19\u00ba<\/td><td>08\/03\/2021<\/td><td>Homem de 61 anos<\/td><\/tr><tr><td>20\u00ba<\/td><td>09\/03\/2021<\/td><td>Homem de 76 anos<\/td><\/tr><tr><td>21\u00ba&nbsp;<\/td><td>10\/03\/2021<\/td><td>Mulher de 66 anos<\/td><\/tr><tr><td>22\u00ba<\/td><td>12\/03\/2021<\/td><td>Homem de 66 anos<\/td><\/tr><tr><td>23\u00ba<\/td><td>13\/03\/2021<\/td><td>Homem de 87 anos<\/td><\/tr><tr><td>24\u00ba<\/td><td>13\/03\/2021<\/td><td>Mulher de 82 anos<\/td><\/tr><tr><td>25\u00ba<\/td><td>13\/03\/2021<\/td><td>Homem de 75 anos<\/td><\/tr><tr><td>26\u00ba<\/td><td>14\/03\/2021<\/td><td>Homem de 52 anos<\/td><\/tr><tr><td>27\u00ba<\/td><td>16\/03\/2021<\/td><td>Mulher de 71 anos<\/td><\/tr><tr><td>28\u00ba<\/td><td>08\/03\/2021<\/td><td>Homem de 74 anos<\/td><\/tr><tr><td>29\u00ba<\/td><td>16\/03\/2021<\/td><td>Mulher de 75 anos<\/td><\/tr><tr><td>30\u00ba<\/td><td>16\/03\/2021<\/td><td>Homem de 58 anos<\/td><\/tr><tr><td>31\u00ba<\/td><td>17\/03\/2021<\/td><td>Mulher de 78 anos&nbsp;<\/td><\/tr><tr><td>32\u00ba<\/td><td>17\/03\/2021<\/td><td>Mulher de 55 anos<\/td><\/tr><tr><td>33\u00ba<\/td><td>21\/03\/2021<\/td><td>Mulher de 61 anos<\/td><\/tr><tr><td>34\u00ba<\/td><td>19\/03\/2021<\/td><td>Homem de 60 anos&nbsp;<\/td><\/tr><tr><td>35\u00ba<\/td><td>22\/03\/2021<\/td><td>Mulher de 60 anos<\/td><\/tr><tr><td>36\u00ba<\/td><td>22\/03\/2021<\/td><td>Homem de 60 anos<\/td><\/tr><tr><td>37\u00ba<\/td><td>23\/03\/2021<\/td><td>Mulher de 84 anos<\/td><\/tr><tr><td>38\u00ba<\/td><td>24\/03\/2021<\/td><td>Homem de 61 anos<\/td><\/tr><tr><td>39\u00b0<\/td><td>26\/03\/2021<\/td><td>Homem de 61 anos&nbsp;<\/td><\/tr><\/tbody><\/table><\/figure>\n","protected":false},"excerpt":{"rendered":"<p>Se trata de um homem de 61 anos, que estava internado no Hospital F\u00e1tima A Secretaria Municipal de Sa\u00fade (SMS) de Flores da Cunha, por meio do Centro de Opera\u00e7\u00f5es&hellip;<\/p>\n","protected":false},"author":16,"featured_media":49743,"comment_status":"closed","ping_status":"closed","sticky":false,"template":"","format":"standard","meta":{"_lmt_disableupdate":"","_lmt_disable":"","footnotes":""},"categories":[83],"tags":[6221,3137,4132,114,6238,6410,5581,5655,6363,283],"powerkit_post_featured":[],"class_list":{"0":"post-50477","1":"post","2":"type-post","3":"status-publish","4":"format-standard","5":"has-post-thumbnail","7":"category-serra-gaucha","8":"tag-covid-em-flores-da-cunha","9":"tag-covid-19","10":"tag-covid-19-morte","11":"tag-flores-da-cunha","12":"tag-flores-da-cunha-covid-19","13":"tag-morte-coronavirus","14":"tag-morte-covid","15":"tag-morte-covid-19","16":"tag-morte-covid-19-em-flores-da-cunha","17":"tag-serra-gaucha"},"modified_by":"Filipe Brogliatto","_links":{"self":[{"href":"https:\/\/radiosolaris.com.br\/beta\/wp-json\/wp\/v2\/posts\/50477","targetHints":{"allow":["GET"]}}],"collection":[{"href":"https:\/\/radiosolaris.com.br\/beta\/wp-json\/wp\/v2\/posts"}],"about":[{"href":"https:\/\/radiosolaris.com.br\/beta\/wp-json\/wp\/v2\/types\/post"}],"author":[{"embeddable":true,"href":"https:\/\/radiosolaris.com.br\/beta\/wp-json\/wp\/v2\/users\/16"}],"replies":[{"embeddable":true,"href":"https:\/\/radiosolaris.com.br\/beta\/wp-json\/wp\/v2\/comments?post=50477"}],"version-history":[{"count":0,"href":"https:\/\/radiosolaris.com.br\/beta\/wp-json\/wp\/v2\/posts\/50477\/revisions"}],"wp:featuredmedia":[{"embeddable":true,"href":"https:\/\/radiosolaris.com.br\/beta\/wp-json\/wp\/v2\/media\/49743"}],"wp:attachment":[{"href":"https:\/\/radiosolaris.com.br\/beta\/wp-json\/wp\/v2\/media?parent=50477"}],"wp:term":[{"taxonomy":"category","embeddable":true,"href":"https:\/\/radiosolaris.com.br\/beta\/wp-json\/wp\/v2\/categories?post=50477"},{"taxonomy":"post_tag","embeddable":true,"href":"https:\/\/radiosolaris.com.br\/beta\/wp-json\/wp\/v2\/tags?post=50477"},{"taxonomy":"powerkit_post_featured","embeddable":true,"href":"https:\/\/radiosolaris.com.br\/beta\/wp-json\/wp\/v2\/powerkit_post_featured?post=50477"}],"curies":[{"name":"wp","href":"https:\/\/api.w.org\/{rel}","templated":true}]}}