{"id":50269,"date":"2021-03-22T18:54:55","date_gmt":"2021-03-22T21:54:55","guid":{"rendered":"https:\/\/radiosolaris.com.br\/beta\/?p=50269"},"modified":"2021-03-22T18:58:48","modified_gmt":"2021-03-22T21:58:48","slug":"mais-uma-morte-em-decorrencia-da-covid-19-e-registrada-em-flores-da-cunha","status":"publish","type":"post","link":"https:\/\/radiosolaris.com.br\/beta\/mais-uma-morte-em-decorrencia-da-covid-19-e-registrada-em-flores-da-cunha\/","title":{"rendered":"Mais uma morte em decorr\u00eancia da Covid-19 \u00e9 registrada em Flores da Cunha"},"content":{"rendered":"\n<h4 id=\"trata-se-de-um-homem-de-60-anos-que-estava-internado-na-uti-do-hospital-do-circulo-em-caxias-do-sul\" class=\"wp-block-heading\">Trata-se de um homem de 60 anos, que estava internado na UTI do Hospital do C\u00edrculo, em Caxias do Sul<\/h4>\n\n\n\n<p>A Secretaria Municipal de Sa\u00fade (SMS) de Flores da Cunha, por meio do Centro de Opera\u00e7\u00f5es de Emerg\u00eancias, informa nesta segunda-feira (22), a 36\u00aa morte por Covid-19 do munic\u00edpio. Trata-se de um homem de 60 anos, que estava internado na UTI do Hospital do C\u00edrculo, em Caxias do Sul.<\/p>\n\n\n\n<p>Somente nesta segunda, foram duas mortes que o munic\u00edpio registrou por consequ\u00eancia da doen\u00e7a. Assim, apenas em mar\u00e7o, Flores j\u00e1 contabiliza 20 mortes em 22 dias. <\/p>\n\n\n\n<figure class=\"wp-block-table\"><table><tbody><tr><td><\/td><td><strong><em>DATA<\/em><\/strong><\/td><td><strong><em>IDADE&nbsp;<\/em><\/strong><\/td><\/tr><tr><td>1\u00ba<\/td><td>21\/06\/2020<\/td><td>Mulher de 54 anos<\/td><\/tr><tr><td>2\u00ba<\/td><td>21\/08\/2020<\/td><td>Mulher de 67 anos<\/td><\/tr><tr><td>3\u00ba<\/td><td>25\/09\/2020<\/td><td>Mulher de 85 anos<\/td><\/tr><tr><td>4\u00ba<\/td><td>28\/09\/2020<\/td><td>Homem de 53 anos<\/td><\/tr><tr><td>5\u00ba<\/td><td>29\/09\/2020<\/td><td>Mulher de 61 anos<\/td><\/tr><tr><td>6\u00ba<\/td><td>30\/10\/2020<\/td><td>Homem de 79 anos<\/td><\/tr><tr><td>7\u00ba<\/td><td>06\/11\/2020<\/td><td>Mulher de 64 anos<\/td><\/tr><tr><td>8\u00ba<\/td><td>16\/11\/2020<\/td><td>Homem de 59 anos<\/td><\/tr><tr><td>9\u00ba<\/td><td>13\/12\/2020<\/td><td>Mulher de 82 anos<\/td><\/tr><tr><td>10\u00ba<\/td><td>13\/12\/2020<\/td><td>Homem de 72 anos<\/td><\/tr><tr><td>11\u00ba<\/td><td>21\/12\/2020<\/td><td>Homem de 49 anos<\/td><\/tr><tr><td>12\u00ba<\/td><td>26\/12\/2020<\/td><td>Homem de 52 anos<\/td><\/tr><tr><td>13\u00ba<\/td><td>28\/12\/2020<\/td><td>Mulher de 80 anos<\/td><\/tr><tr><td>14\u00ba<\/td><td>14\/01\/2021<\/td><td>Homem de 58 anos<\/td><\/tr><tr><td>15\u00ba<\/td><td>12\/02\/2021<\/td><td>Mulher de 78 anos<\/td><\/tr><tr><td>16\u00ba<\/td><td>26\/02\/2021<\/td><td>Homem de 81 anos<\/td><\/tr><tr><td>17\u00ba<\/td><td>04\/03\/2021<\/td><td>Homem de 86 anos<\/td><\/tr><tr><td>18\u00ba<\/td><td>07\/03\/2021<\/td><td>Mulher de 88 anos<\/td><\/tr><tr><td>19\u00ba<\/td><td>08\/03\/2021<\/td><td>Homem de 61 anos<\/td><\/tr><tr><td>20\u00ba<\/td><td>09\/03\/2021<\/td><td>Homem de 76 anos<\/td><\/tr><tr><td>21\u00ba&nbsp;<\/td><td>10\/03\/2021<\/td><td>Mulher de 66 anos<\/td><\/tr><tr><td>22\u00ba<\/td><td>12\/03\/2021<\/td><td>Homem de 66 anos<\/td><\/tr><tr><td>23\u00ba<\/td><td>13\/03\/2021<\/td><td>Homem de 87 anos<\/td><\/tr><tr><td>24\u00ba<\/td><td>13\/03\/2021<\/td><td>Mulher de 82 anos<\/td><\/tr><tr><td>25\u00ba<\/td><td>13\/03\/2021<\/td><td>Homem de 75 anos<\/td><\/tr><tr><td>26\u00ba<\/td><td>14\/03\/2021<\/td><td>Homem de 52 anos<\/td><\/tr><tr><td>27\u00ba<\/td><td>16\/03\/2021<\/td><td>Mulher de 71 anos<\/td><\/tr><tr><td>28\u00ba<\/td><td>08\/03\/2021<\/td><td>Homem de 74 anos<\/td><\/tr><tr><td>29\u00ba<\/td><td>16\/03\/2021<\/td><td>Mulher de 75 anos<\/td><\/tr><tr><td>30\u00ba<\/td><td>16\/03\/2021<\/td><td>Homem de 58 anos<\/td><\/tr><tr><td>31\u00b0<\/td><td>17\/03\/2021<\/td><td>Mulher de 78 anos&nbsp;<\/td><\/tr><tr><td>32\u00ba<\/td><td>17\/03\/2021<\/td><td>Mulher de 55 anos<\/td><\/tr><tr><td>33\u00b0<\/td><td>21\/03\/2021<\/td><td>Mulher de 61 anos<\/td><\/tr><tr><td>34\u00b0<\/td><td>19\/03\/2021<\/td><td>Homem de 60 anos&nbsp;<\/td><\/tr><tr><td>35\u00b0<\/td><td>22\/03\/2021<\/td><td>Mulher de 60 anos<\/td><\/tr><tr><td>36\u00ba<\/td><td>22\/03\/2021<\/td><td>Homem de 60 anos<\/td><\/tr><\/tbody><\/table><\/figure>\n","protected":false},"excerpt":{"rendered":"<p>Trata-se de um homem de 60 anos, que estava internado na UTI do Hospital do C\u00edrculo, em Caxias do Sul A Secretaria Municipal de Sa\u00fade (SMS) de Flores da Cunha,&hellip;<\/p>\n","protected":false},"author":16,"featured_media":47824,"comment_status":"closed","ping_status":"closed","sticky":false,"template":"","format":"standard","meta":{"_lmt_disableupdate":"","_lmt_disable":"","footnotes":""},"categories":[83],"tags":[2752,3137,4132,114,6410,5581,5655,6363,6441,903,283],"powerkit_post_featured":[],"class_list":{"0":"post-50269","1":"post","2":"type-post","3":"status-publish","4":"format-standard","5":"has-post-thumbnail","7":"category-serra-gaucha","8":"tag-coronavirus","9":"tag-covid-19","10":"tag-covid-19-morte","11":"tag-flores-da-cunha","12":"tag-morte-coronavirus","13":"tag-morte-covid","14":"tag-morte-covid-19","15":"tag-morte-covid-19-em-flores-da-cunha","16":"tag-morte-em-flores-da-cunha","17":"tag-secretaria-da-saude","18":"tag-serra-gaucha"},"modified_by":"Bruna Picinini","_links":{"self":[{"href":"https:\/\/radiosolaris.com.br\/beta\/wp-json\/wp\/v2\/posts\/50269","targetHints":{"allow":["GET"]}}],"collection":[{"href":"https:\/\/radiosolaris.com.br\/beta\/wp-json\/wp\/v2\/posts"}],"about":[{"href":"https:\/\/radiosolaris.com.br\/beta\/wp-json\/wp\/v2\/types\/post"}],"author":[{"embeddable":true,"href":"https:\/\/radiosolaris.com.br\/beta\/wp-json\/wp\/v2\/users\/16"}],"replies":[{"embeddable":true,"href":"https:\/\/radiosolaris.com.br\/beta\/wp-json\/wp\/v2\/comments?post=50269"}],"version-history":[{"count":0,"href":"https:\/\/radiosolaris.com.br\/beta\/wp-json\/wp\/v2\/posts\/50269\/revisions"}],"wp:featuredmedia":[{"embeddable":true,"href":"https:\/\/radiosolaris.com.br\/beta\/wp-json\/wp\/v2\/media\/47824"}],"wp:attachment":[{"href":"https:\/\/radiosolaris.com.br\/beta\/wp-json\/wp\/v2\/media?parent=50269"}],"wp:term":[{"taxonomy":"category","embeddable":true,"href":"https:\/\/radiosolaris.com.br\/beta\/wp-json\/wp\/v2\/categories?post=50269"},{"taxonomy":"post_tag","embeddable":true,"href":"https:\/\/radiosolaris.com.br\/beta\/wp-json\/wp\/v2\/tags?post=50269"},{"taxonomy":"powerkit_post_featured","embeddable":true,"href":"https:\/\/radiosolaris.com.br\/beta\/wp-json\/wp\/v2\/powerkit_post_featured?post=50269"}],"curies":[{"name":"wp","href":"https:\/\/api.w.org\/{rel}","templated":true}]}}