{"id":50075,"date":"2021-03-19T15:05:12","date_gmt":"2021-03-19T18:05:12","guid":{"rendered":"https:\/\/radiosolaris.com.br\/beta\/?p=50075"},"modified":"2021-03-19T15:05:18","modified_gmt":"2021-03-19T18:05:18","slug":"sabado-20-sera-o-segundo-dia-de-vacinacao-no-modelo-drive-trhu-em-ipe","status":"publish","type":"post","link":"https:\/\/radiosolaris.com.br\/beta\/sabado-20-sera-o-segundo-dia-de-vacinacao-no-modelo-drive-trhu-em-ipe\/","title":{"rendered":"S\u00e1bado (20) ser\u00e1 o segundo dia de vacina\u00e7\u00e3o no modelo Drive Trhu em Ip\u00ea"},"content":{"rendered":"\n<h4 id=\"imunizacao-inicia-as-8h-da-manha-e-segue-enquanto-houver-doses\" class=\"wp-block-heading\">Imuniza\u00e7\u00e3o inicia \u00e0s 8h da manh\u00e3 e segue enquanto houver doses<\/h4>\n\n\n\n<p>Na quinta-feira (18), a Secretaria Municipal da Sa\u00fade de Ip\u00ea recebeu novas 230 doses da Coronavac, vacina contra a Covid-19. Com a nova remessa, a aplica\u00e7\u00e3o ocorrer\u00e1 neste s\u00e1bado (20), a partir das 8h da manh\u00e3, seguindo at\u00e9 quando houver doses dispon\u00edveis.<\/p>\n\n\n\n<p>Com o novo lote de doses, ser\u00e1 realizada a imuniza\u00e7\u00e3o de idosos entre 73 e 75 da cidade e interior para a primeira dose. Caso algum idoso n\u00e3o puder realizar deslocamento para receber a dose, ser\u00e3o vacinados em outra oportunidade ou ainda na Unidade B\u00e1sica de Sa\u00fade.<\/p>\n\n\n\n<p>\u00c9 importante levar consigo a carteira de vacina\u00e7\u00e3o, al\u00e9m do CPF e, caso tiver, Cart\u00e3o SUS.<\/p>\n\n\n\n<div class=\"wp-block-image\"><figure class=\"aligncenter size-large is-resized\"><img  loading=\"lazy\"  decoding=\"async\"  src=\"data:image\/png;base64,iVBORw0KGgoAAAANSUhEUgAAAAEAAAABAQMAAAAl21bKAAAAA1BMVEUAAP+KeNJXAAAAAXRSTlMAQObYZgAAAAlwSFlzAAAOxAAADsQBlSsOGwAAAApJREFUCNdjYAAAAAIAAeIhvDMAAAAASUVORK5CYII=\"  alt=\"\"  class=\"wp-image-50076 pk-lazyload\"  width=\"355\"  height=\"355\"  data-pk-sizes=\"auto\"  data-pk-src=\"https:\/\/radiosolaris.com.br\/beta\/wp-content\/uploads\/2021\/03\/vacinacao-IPE-1024x1024.jpg\" ><\/figure><\/div>\n\n\n\n<p>Fonte: Grupo Solaris<\/p>\n","protected":false},"excerpt":{"rendered":"<p>Imuniza\u00e7\u00e3o inicia \u00e0s 8h da manh\u00e3 e segue enquanto houver doses Na quinta-feira (18), a Secretaria Municipal da Sa\u00fade de Ip\u00ea recebeu novas 230 doses da Coronavac, vacina contra a&hellip;<\/p>\n","protected":false},"author":1,"featured_media":50076,"comment_status":"closed","ping_status":"closed","sticky":false,"template":"","format":"standard","meta":{"_lmt_disableupdate":"","_lmt_disable":"","footnotes":""},"categories":[83],"tags":[3137,6422,116,161],"powerkit_post_featured":[],"class_list":{"0":"post-50075","1":"post","2":"type-post","3":"status-publish","4":"format-standard","5":"has-post-thumbnail","7":"category-serra-gaucha","8":"tag-covid-19","9":"tag-drive-trhu","10":"tag-ipe","11":"tag-vacinacao"},"modified_by":null,"_links":{"self":[{"href":"https:\/\/radiosolaris.com.br\/beta\/wp-json\/wp\/v2\/posts\/50075","targetHints":{"allow":["GET"]}}],"collection":[{"href":"https:\/\/radiosolaris.com.br\/beta\/wp-json\/wp\/v2\/posts"}],"about":[{"href":"https:\/\/radiosolaris.com.br\/beta\/wp-json\/wp\/v2\/types\/post"}],"author":[{"embeddable":true,"href":"https:\/\/radiosolaris.com.br\/beta\/wp-json\/wp\/v2\/users\/1"}],"replies":[{"embeddable":true,"href":"https:\/\/radiosolaris.com.br\/beta\/wp-json\/wp\/v2\/comments?post=50075"}],"version-history":[{"count":0,"href":"https:\/\/radiosolaris.com.br\/beta\/wp-json\/wp\/v2\/posts\/50075\/revisions"}],"wp:featuredmedia":[{"embeddable":true,"href":"https:\/\/radiosolaris.com.br\/beta\/wp-json\/wp\/v2\/media\/50076"}],"wp:attachment":[{"href":"https:\/\/radiosolaris.com.br\/beta\/wp-json\/wp\/v2\/media?parent=50075"}],"wp:term":[{"taxonomy":"category","embeddable":true,"href":"https:\/\/radiosolaris.com.br\/beta\/wp-json\/wp\/v2\/categories?post=50075"},{"taxonomy":"post_tag","embeddable":true,"href":"https:\/\/radiosolaris.com.br\/beta\/wp-json\/wp\/v2\/tags?post=50075"},{"taxonomy":"powerkit_post_featured","embeddable":true,"href":"https:\/\/radiosolaris.com.br\/beta\/wp-json\/wp\/v2\/powerkit_post_featured?post=50075"}],"curies":[{"name":"wp","href":"https:\/\/api.w.org\/{rel}","templated":true}]}}