{"id":49802,"date":"2021-03-15T09:11:48","date_gmt":"2021-03-15T12:11:48","guid":{"rendered":"https:\/\/radiosolaris.com.br\/beta\/?p=49802"},"modified":"2021-03-15T09:11:52","modified_gmt":"2021-03-15T12:11:52","slug":"vacinacao-em-modelo-drive-trhu-imuniza-85-dos-idosos-entre-76-e-80-anos-em-ipe","status":"publish","type":"post","link":"https:\/\/radiosolaris.com.br\/beta\/vacinacao-em-modelo-drive-trhu-imuniza-85-dos-idosos-entre-76-e-80-anos-em-ipe\/","title":{"rendered":"Vacina\u00e7\u00e3o em modelo Drive Trhu imuniza 85% dos idosos entre 76 e 80 anos em Ip\u00ea"},"content":{"rendered":"\n<h4 id=\"equipes-da-saude-realizaram-a-imunizacao-no-sabado-13\" class=\"wp-block-heading\">Equipes da sa\u00fade realizaram a imuniza\u00e7\u00e3o no s\u00e1bado (13)<\/h4>\n\n\n\n<p>No \u00faltimo s\u00e1bado (13), os profissionais da Secretaria Municipal da Sa\u00fade de Ip\u00ea realizaram a imuniza\u00e7\u00e3o de idosos na faixa dos 76 aos 80 anos, contra a Covid-19. Ao todo, foram aplicadas 120 doses, chegando a marca de 85% dos idosos dessa faixa et\u00e1ria imunizados na primeira dose.<\/p>\n\n\n\n<p>Al\u00e9m disso, as 30 doses restantes do lote de imunizantes recebido na semana passada s\u00e3o disponibilizadas durante essa semana na Unidade B\u00e1sica de Sa\u00fade aos idosos que n\u00e3o puderam receber a imuniza\u00e7\u00e3o no s\u00e1bado.<\/p>\n\n\n\n<p>A imuniza\u00e7\u00e3o em modelo Drive Trhu, onde os idosos puderam receber a dose dentro dos ve\u00edculos, foi realizada no espa\u00e7o em frente \u00e0 Igreja Matriz de Ip\u00ea, com apoio da Brigada Militar na organiza\u00e7\u00e3o dos ve\u00edculos. O Jeep Clube da Vila Segredo cedeu as tendas para abrigar os profissionais da sa\u00fade e as doses da vacina.<\/p>\n\n\n\n<figure class=\"wp-block-gallery columns-2 is-cropped wp-block-gallery-1 is-layout-flex wp-block-gallery-is-layout-flex\"><ul class=\"blocks-gallery-grid\"><li class=\"blocks-gallery-item\"><figure><a href=\"https:\/\/radiosolaris.com.br\/beta\/wp-content\/uploads\/2021\/03\/Imunizacao-Ipe-1.jpg\"><img  decoding=\"async\"  src=\"data:image\/png;base64,iVBORw0KGgoAAAANSUhEUgAAAAEAAAABAQMAAAAl21bKAAAAA1BMVEUAAP+KeNJXAAAAAXRSTlMAQObYZgAAAAlwSFlzAAAOxAAADsQBlSsOGwAAAApJREFUCNdjYAAAAAIAAeIhvDMAAAAASUVORK5CYII=\"  alt=\"\"  data-id=\"49803\"  data-full-url=\"https:\/\/radiosolaris.com.br\/beta\/wp-content\/uploads\/2021\/03\/Imunizacao-Ipe-1.jpg\"  data-link=\"https:\/\/radiosolaris.com.br\/beta\/?attachment_id=49803\"  class=\"wp-image-49803 pk-lazyload\"  data-pk-sizes=\"auto\"  data-pk-src=\"https:\/\/radiosolaris.com.br\/beta\/wp-content\/uploads\/2021\/03\/Imunizacao-Ipe-1-1024x1024.jpg\" ><\/a><\/figure><\/li><li class=\"blocks-gallery-item\"><figure><a href=\"https:\/\/radiosolaris.com.br\/beta\/wp-content\/uploads\/2021\/03\/Imunizacao-Ipe-2.jpg\"><img  decoding=\"async\"  src=\"data:image\/png;base64,iVBORw0KGgoAAAANSUhEUgAAAAEAAAABAQMAAAAl21bKAAAAA1BMVEUAAP+KeNJXAAAAAXRSTlMAQObYZgAAAAlwSFlzAAAOxAAADsQBlSsOGwAAAApJREFUCNdjYAAAAAIAAeIhvDMAAAAASUVORK5CYII=\"  alt=\"\"  data-id=\"49804\"  data-full-url=\"https:\/\/radiosolaris.com.br\/beta\/wp-content\/uploads\/2021\/03\/Imunizacao-Ipe-2.jpg\"  data-link=\"https:\/\/radiosolaris.com.br\/beta\/?attachment_id=49804\"  class=\"wp-image-49804 pk-lazyload\"  data-pk-sizes=\"auto\"  data-pk-src=\"https:\/\/radiosolaris.com.br\/beta\/wp-content\/uploads\/2021\/03\/Imunizacao-Ipe-2-1024x1024.jpg\" ><\/a><\/figure><\/li><\/ul><\/figure>\n\n\n\n<p>Fonte: Grupo Solaris &#8211; Rep\u00f3rter Luiz Augusto Filipini, com informa\u00e7\u00f5es da Prefeitura de Ip\u00ea<\/p>\n","protected":false},"excerpt":{"rendered":"<p>Equipes da sa\u00fade realizaram a imuniza\u00e7\u00e3o no s\u00e1bado (13) No \u00faltimo s\u00e1bado (13), os profissionais da Secretaria Municipal da Sa\u00fade de Ip\u00ea realizaram a imuniza\u00e7\u00e3o de idosos na faixa dos&hellip;<\/p>\n","protected":false},"author":1,"featured_media":49803,"comment_status":"closed","ping_status":"closed","sticky":false,"template":"","format":"standard","meta":{"_lmt_disableupdate":"","_lmt_disable":"","footnotes":""},"categories":[83],"tags":[3137,6422,116,161],"powerkit_post_featured":[],"class_list":{"0":"post-49802","1":"post","2":"type-post","3":"status-publish","4":"format-standard","5":"has-post-thumbnail","7":"category-serra-gaucha","8":"tag-covid-19","9":"tag-drive-trhu","10":"tag-ipe","11":"tag-vacinacao"},"modified_by":null,"_links":{"self":[{"href":"https:\/\/radiosolaris.com.br\/beta\/wp-json\/wp\/v2\/posts\/49802","targetHints":{"allow":["GET"]}}],"collection":[{"href":"https:\/\/radiosolaris.com.br\/beta\/wp-json\/wp\/v2\/posts"}],"about":[{"href":"https:\/\/radiosolaris.com.br\/beta\/wp-json\/wp\/v2\/types\/post"}],"author":[{"embeddable":true,"href":"https:\/\/radiosolaris.com.br\/beta\/wp-json\/wp\/v2\/users\/1"}],"replies":[{"embeddable":true,"href":"https:\/\/radiosolaris.com.br\/beta\/wp-json\/wp\/v2\/comments?post=49802"}],"version-history":[{"count":0,"href":"https:\/\/radiosolaris.com.br\/beta\/wp-json\/wp\/v2\/posts\/49802\/revisions"}],"wp:featuredmedia":[{"embeddable":true,"href":"https:\/\/radiosolaris.com.br\/beta\/wp-json\/wp\/v2\/media\/49803"}],"wp:attachment":[{"href":"https:\/\/radiosolaris.com.br\/beta\/wp-json\/wp\/v2\/media?parent=49802"}],"wp:term":[{"taxonomy":"category","embeddable":true,"href":"https:\/\/radiosolaris.com.br\/beta\/wp-json\/wp\/v2\/categories?post=49802"},{"taxonomy":"post_tag","embeddable":true,"href":"https:\/\/radiosolaris.com.br\/beta\/wp-json\/wp\/v2\/tags?post=49802"},{"taxonomy":"powerkit_post_featured","embeddable":true,"href":"https:\/\/radiosolaris.com.br\/beta\/wp-json\/wp\/v2\/powerkit_post_featured?post=49802"}],"curies":[{"name":"wp","href":"https:\/\/api.w.org\/{rel}","templated":true}]}}