{"id":48562,"date":"2021-02-25T08:34:01","date_gmt":"2021-02-25T11:34:01","guid":{"rendered":"https:\/\/radiosolaris.com.br\/beta\/?p=48562"},"modified":"2021-02-25T08:34:07","modified_gmt":"2021-02-25T11:34:07","slug":"prefeitura-de-flores-da-cunha-estuda-melhorias-para-a-upeva","status":"publish","type":"post","link":"https:\/\/radiosolaris.com.br\/beta\/prefeitura-de-flores-da-cunha-estuda-melhorias-para-a-upeva\/","title":{"rendered":"Prefeitura de Flores da Cunha estuda melhorias para a Upeva"},"content":{"rendered":"\n<h4 id=\"necessidades-do-canil-municipal-foram-repassadas-ao-executivo-pela-voluntaria-caelen-carvalho\" class=\"wp-block-heading\">Necessidades do canil municipal foram repassadas ao executivo pela volunt\u00e1ria Caelen Carvalho<\/h4>\n\n\n\n<p>O prefeito de Flores da Cunha, C\u00e9sar Ulian, visitou a ONG Uni\u00e3o Pela Vida Animal (Upeva) na tarde de quarta-feira (24), para estudar algumas melhorias que devem ser feitas a fim de melhorar o trabalho no canil municipal. As necessidades foram repassadas ao representante do poder executivo pela volunt\u00e1ria Caelen Carvalho.<\/p>\n\n\n\n<p>\u00a0Al\u00e9m do prefeito, a secret\u00e1ria de planejamento, Rosiane Machado Pradella, e a secret\u00e1ria de sa\u00fade, Jane Paula Baggio, estiveram no local para avaliar a situa\u00e7\u00e3o do terreno onde funciona a ONG.<\/p>\n\n\n\n<figure class=\"wp-block-gallery columns-1 is-cropped wp-block-gallery-1 is-layout-flex wp-block-gallery-is-layout-flex\"><ul class=\"blocks-gallery-grid\"><li class=\"blocks-gallery-item\"><figure><img  loading=\"lazy\"  decoding=\"async\"  width=\"800\"  height=\"531\"  src=\"data:image\/png;base64,iVBORw0KGgoAAAANSUhEUgAAAAEAAAABAQMAAAAl21bKAAAAA1BMVEUAAP+KeNJXAAAAAXRSTlMAQObYZgAAAAlwSFlzAAAOxAAADsQBlSsOGwAAAApJREFUCNdjYAAAAAIAAeIhvDMAAAAASUVORK5CYII=\"  alt=\"\"  data-id=\"48566\"  data-full-url=\"https:\/\/radiosolaris.com.br\/beta\/wp-content\/uploads\/2021\/02\/upeva.jpg\"  data-link=\"https:\/\/radiosolaris.com.br\/beta\/?attachment_id=48566\"  class=\"wp-image-48566 pk-lazyload\"  data-pk-sizes=\"auto\"  data-ls-sizes=\"auto, (max-width: 800px) 100vw, 800px\"  data-pk-src=\"https:\/\/radiosolaris.com.br\/beta\/wp-content\/uploads\/2021\/02\/upeva.jpg\"  data-pk-srcset=\"https:\/\/radiosolaris.com.br\/beta\/wp-content\/uploads\/2021\/02\/upeva.jpg 800w, https:\/\/radiosolaris.com.br\/beta\/wp-content\/uploads\/2021\/02\/upeva-120x80.jpg 120w, https:\/\/radiosolaris.com.br\/beta\/wp-content\/uploads\/2021\/02\/upeva-90x60.jpg 90w, https:\/\/radiosolaris.com.br\/beta\/wp-content\/uploads\/2021\/02\/upeva-320x212.jpg 320w, https:\/\/radiosolaris.com.br\/beta\/wp-content\/uploads\/2021\/02\/upeva-560x372.jpg 560w\" ><\/figure><\/li><li class=\"blocks-gallery-item\"><figure><img  loading=\"lazy\"  decoding=\"async\"  width=\"800\"  height=\"565\"  src=\"data:image\/png;base64,iVBORw0KGgoAAAANSUhEUgAAAAEAAAABAQMAAAAl21bKAAAAA1BMVEUAAP+KeNJXAAAAAXRSTlMAQObYZgAAAAlwSFlzAAAOxAAADsQBlSsOGwAAAApJREFUCNdjYAAAAAIAAeIhvDMAAAAASUVORK5CYII=\"  alt=\"\"  data-id=\"48564\"  data-full-url=\"https:\/\/radiosolaris.com.br\/beta\/wp-content\/uploads\/2021\/02\/upeva-3.jpg\"  data-link=\"https:\/\/radiosolaris.com.br\/beta\/?attachment_id=48564\"  class=\"wp-image-48564 pk-lazyload\"  data-pk-sizes=\"auto\"  data-ls-sizes=\"auto, (max-width: 800px) 100vw, 800px\"  data-pk-src=\"https:\/\/radiosolaris.com.br\/beta\/wp-content\/uploads\/2021\/02\/upeva-3.jpg\"  data-pk-srcset=\"https:\/\/radiosolaris.com.br\/beta\/wp-content\/uploads\/2021\/02\/upeva-3.jpg 800w, https:\/\/radiosolaris.com.br\/beta\/wp-content\/uploads\/2021\/02\/upeva-3-300x212.jpg 300w, https:\/\/radiosolaris.com.br\/beta\/wp-content\/uploads\/2021\/02\/upeva-3-768x542.jpg 768w\" ><\/figure><\/li><li class=\"blocks-gallery-item\"><figure><img  loading=\"lazy\"  decoding=\"async\"  width=\"800\"  height=\"525\"  src=\"data:image\/png;base64,iVBORw0KGgoAAAANSUhEUgAAAAEAAAABAQMAAAAl21bKAAAAA1BMVEUAAP+KeNJXAAAAAXRSTlMAQObYZgAAAAlwSFlzAAAOxAAADsQBlSsOGwAAAApJREFUCNdjYAAAAAIAAeIhvDMAAAAASUVORK5CYII=\"  alt=\"\"  data-id=\"48563\"  data-full-url=\"https:\/\/radiosolaris.com.br\/beta\/wp-content\/uploads\/2021\/02\/upeva-4.jpg\"  data-link=\"https:\/\/radiosolaris.com.br\/beta\/?attachment_id=48563\"  class=\"wp-image-48563 pk-lazyload\"  data-pk-sizes=\"auto\"  data-ls-sizes=\"auto, (max-width: 800px) 100vw, 800px\"  data-pk-src=\"https:\/\/radiosolaris.com.br\/beta\/wp-content\/uploads\/2021\/02\/upeva-4.jpg\"  data-pk-srcset=\"https:\/\/radiosolaris.com.br\/beta\/wp-content\/uploads\/2021\/02\/upeva-4.jpg 800w, https:\/\/radiosolaris.com.br\/beta\/wp-content\/uploads\/2021\/02\/upeva-4-300x197.jpg 300w, https:\/\/radiosolaris.com.br\/beta\/wp-content\/uploads\/2021\/02\/upeva-4-768x504.jpg 768w\" ><\/figure><\/li><li class=\"blocks-gallery-item\"><figure><img  loading=\"lazy\"  decoding=\"async\"  width=\"800\"  height=\"531\"  src=\"data:image\/png;base64,iVBORw0KGgoAAAANSUhEUgAAAAEAAAABAQMAAAAl21bKAAAAA1BMVEUAAP+KeNJXAAAAAXRSTlMAQObYZgAAAAlwSFlzAAAOxAAADsQBlSsOGwAAAApJREFUCNdjYAAAAAIAAeIhvDMAAAAASUVORK5CYII=\"  alt=\"\"  data-id=\"48565\"  data-full-url=\"https:\/\/radiosolaris.com.br\/beta\/wp-content\/uploads\/2021\/02\/upeva-2.jpg\"  data-link=\"https:\/\/radiosolaris.com.br\/beta\/?attachment_id=48565\"  class=\"wp-image-48565 pk-lazyload\"  data-pk-sizes=\"auto\"  data-pk-src=\"https:\/\/radiosolaris.com.br\/beta\/wp-content\/uploads\/2021\/02\/upeva-2.jpg\" ><\/figure><\/li><\/ul><\/figure>\n","protected":false},"excerpt":{"rendered":"<p>Necessidades do canil municipal foram repassadas ao executivo pela volunt\u00e1ria Caelen Carvalho O prefeito de Flores da Cunha, C\u00e9sar Ulian, visitou a ONG Uni\u00e3o Pela Vida Animal (Upeva) na tarde&hellip;<\/p>\n","protected":false},"author":16,"featured_media":48566,"comment_status":"closed","ping_status":"closed","sticky":false,"template":"","format":"standard","meta":{"_lmt_disableupdate":"","_lmt_disable":"","footnotes":""},"categories":[83],"tags":[4694,114,6176,6154,3105,4952,6177,992,283,6175,1279],"powerkit_post_featured":[],"class_list":{"0":"post-48562","1":"post","2":"type-post","3":"status-publish","4":"format-standard","5":"has-post-thumbnail","7":"category-serra-gaucha","8":"tag-cesar-ulian","9":"tag-flores-da-cunha","10":"tag-ong-upeva","11":"tag-prefeito-cesar-ulian","12":"tag-prefeitura-de-flores-da-cunha","13":"tag-secretaria-de-planejamento","14":"tag-secretaria-de-saude-2","15":"tag-serra","16":"tag-serra-gaucha","17":"tag-uniao-pela-vida-animal","18":"tag-upeva"},"modified_by":"Bruna Picinini","_links":{"self":[{"href":"https:\/\/radiosolaris.com.br\/beta\/wp-json\/wp\/v2\/posts\/48562","targetHints":{"allow":["GET"]}}],"collection":[{"href":"https:\/\/radiosolaris.com.br\/beta\/wp-json\/wp\/v2\/posts"}],"about":[{"href":"https:\/\/radiosolaris.com.br\/beta\/wp-json\/wp\/v2\/types\/post"}],"author":[{"embeddable":true,"href":"https:\/\/radiosolaris.com.br\/beta\/wp-json\/wp\/v2\/users\/16"}],"replies":[{"embeddable":true,"href":"https:\/\/radiosolaris.com.br\/beta\/wp-json\/wp\/v2\/comments?post=48562"}],"version-history":[{"count":0,"href":"https:\/\/radiosolaris.com.br\/beta\/wp-json\/wp\/v2\/posts\/48562\/revisions"}],"wp:featuredmedia":[{"embeddable":true,"href":"https:\/\/radiosolaris.com.br\/beta\/wp-json\/wp\/v2\/media\/48566"}],"wp:attachment":[{"href":"https:\/\/radiosolaris.com.br\/beta\/wp-json\/wp\/v2\/media?parent=48562"}],"wp:term":[{"taxonomy":"category","embeddable":true,"href":"https:\/\/radiosolaris.com.br\/beta\/wp-json\/wp\/v2\/categories?post=48562"},{"taxonomy":"post_tag","embeddable":true,"href":"https:\/\/radiosolaris.com.br\/beta\/wp-json\/wp\/v2\/tags?post=48562"},{"taxonomy":"powerkit_post_featured","embeddable":true,"href":"https:\/\/radiosolaris.com.br\/beta\/wp-json\/wp\/v2\/powerkit_post_featured?post=48562"}],"curies":[{"name":"wp","href":"https:\/\/api.w.org\/{rel}","templated":true}]}}