{"id":48284,"date":"2021-02-22T08:22:14","date_gmt":"2021-02-22T11:22:14","guid":{"rendered":"https:\/\/radiosolaris.com.br\/beta\/?p=48284"},"modified":"2021-02-22T08:22:18","modified_gmt":"2021-02-22T11:22:18","slug":"fiocruz-deve-assinar-transferencia-de-tecnologia-para-producao-de-vacina-a-partir-de-marco","status":"publish","type":"post","link":"https:\/\/radiosolaris.com.br\/beta\/fiocruz-deve-assinar-transferencia-de-tecnologia-para-producao-de-vacina-a-partir-de-marco\/","title":{"rendered":"Fiocruz deve assinar transfer\u00eancia de tecnologia para produ\u00e7\u00e3o de vacina a partir de mar\u00e7o"},"content":{"rendered":"\n<h4 id=\"dois-lotes-de-ifa-importado-chegarao-ao-brasil-nesta-semana\" class=\"wp-block-heading\">Dois lotes de IFA importado chegar\u00e3o ao Brasil nesta semana<\/h4>\n\n\n\n<p>A Funda\u00e7\u00e3o Oswaldo Cruz (Fiocruz) afirmou&nbsp;no domingo&nbsp;(21) que deve ser assinado at\u00e9 mar\u00e7o o contrato com a farmac\u00eautica AstraZeneca que detalha a transfer\u00eancia de tecnologia para a produ\u00e7\u00e3o do ingrediente farmac\u00eautico ativo (IFA) da vacina Oxford no Instituto de Tecnologia em Imunobiol\u00f3gicos (Bio-Manguinhos). A empresa anglo-sueca \u00e9 desenvolvedora da vacina em parceria com a universidade brit\u00e2nica.<\/p>\n\n\n\n<p>A Fiocruz informou que, inicialmente, havia a previs\u00e3o de que o contrato fosse assinado ainda em 2020. &#8220;No entanto, o grau de detalhamento necess\u00e1rio para esse tipo de documenta\u00e7\u00e3o exigiu um tempo maior de prepara\u00e7\u00e3o&#8221;, diz a funda\u00e7\u00e3o.<\/p>\n\n\n\n<p>A n\u00e3o assinatura do contrato de detalhamento, segundo a Fiocruz, n\u00e3o impactou o cronograma atual de entrega das vacinas, j\u00e1 que, neste momento, as vacinas s\u00e3o produzidas a partir de IFA importado do laborat\u00f3rio WuXi Biologics, na China.<\/p>\n\n\n\n<p>O acordo de encomenda tecnol\u00f3gica entre a Fiocruz e a farmac\u00eautica AstraZeneca prev\u00ea que, at\u00e9 julho, 100,4 milh\u00f5es de doses sejam produzidas a partir de IFA importado.&nbsp; A partir desse acordo, a Fiocruz j\u00e1 incorporou a tecnologia necess\u00e1ria para formular a vacina utilizando IFA importado e iniciou a produ\u00e7\u00e3o das doses.&nbsp;<\/p>\n\n\n\n<p>Esse acordo tamb\u00e9m prev\u00ea par\u00e2metros gerais para a transfer\u00eancia de tecnologia, que precisam ser detalhados no contrato espec\u00edfico que ainda n\u00e3o foi assinado. Apesar disso, a funda\u00e7\u00e3o j\u00e1 trabalha na prepara\u00e7\u00e3o da estrutura necess\u00e1ria para iniciar a produ\u00e7\u00e3o do IFA nacional, que permitir\u00e1 a produ\u00e7\u00e3o de mais 110 milh\u00f5es de doses no segundo semestre.<\/p>\n\n\n\n<p>&#8220;A planta industrial de Bio-Manguinhos\/Fiocruz j\u00e1 est\u00e1 sendo adaptada para essa produ\u00e7\u00e3o e a previs\u00e3o \u00e9 de que esteja pronta em abril para a produ\u00e7\u00e3o nacional do IFA. O in\u00edcio e a conclus\u00e3o desse processo de transfer\u00eancia para a produ\u00e7\u00e3o nacional do IFA, bem como as entregas de vacinas integralmente produzidas por Bio-Manguinhos\/Fiocruz, previstas para o segundo semestre, estar\u00e3o detalhadas em cronograma a ser pactuado no contrato de transfer\u00eancia&#8221;.&nbsp;<\/p>\n\n\n\n<p>Procurada pela Ag\u00eancia Brasil, a AstraZeneca tamb\u00e9m informou que o acordo de transfer\u00eancia de tecnologia para a produ\u00e7\u00e3o do IFA no Brasil est\u00e1 em negocia\u00e7\u00e3o, que deve ser conclu\u00edda em breve. &#8220;A AstraZeneca est\u00e1 trabalhando diariamente para viabilizar a transfer\u00eancia de tecnologia para produ\u00e7\u00e3o do IFA o mais r\u00e1pido poss\u00edvel&#8221;, afirma a nota.<\/p>\n\n\n\n<h4 id=\"novos-lotes\" class=\"wp-block-heading\">Novos lotes<\/h4>\n\n\n\n<p>Fiocruz e AstraZeneca lembram ainda que mais dois lotes de IFA importado chegar\u00e3o ao Brasil nesta semana, para a produ\u00e7\u00e3o de mais 12 milh\u00f5es de doses da vacina contra covid-19. A Fiocruz prev\u00ea entregar ao Programa Nacional de Imuniza\u00e7\u00f5es 15 milh\u00f5es de doses da vacina Oxford\/AstraZeneca at\u00e9 o fim&nbsp;de mar\u00e7o, e aumentar o ritmo de produ\u00e7\u00e3o a partir&nbsp;de abril.&nbsp;<\/p>\n\n\n\n<p>Al\u00e9m disso, Fiocruz, AstraZeneca e Instituto Serum, da \u00cdndia, acertaram a importa\u00e7\u00e3o de mais uma remessa com 2 milh\u00f5es de doses prontas da vacina de Oxford produzidas pelo laborat\u00f3rio indiano. Os imunizantes iniciar\u00e3o a viagem em dire\u00e7\u00e3o ao Brasil amanh\u00e3, em um voo que vai decolar de Mumbai, e devem chegar a S\u00e3o Paulo na manh\u00e3 de ter\u00e7a-feira (23). Assim que desembarcarem no Brasil, as doses ser\u00e3o encaminhadas a Bio-Manguinhos, no Rio\u00a0de Janeiro, onde ser\u00e3o rotuladas antes de serem entregues ao Minist\u00e9rio da Sa\u00fade.<\/p>\n\n\n\n<div class=\"wp-block-image\"><figure class=\"aligncenter size-large is-resized\"><img  loading=\"lazy\"  decoding=\"async\"  src=\"data:image\/png;base64,iVBORw0KGgoAAAANSUhEUgAAAAEAAAABAQMAAAAl21bKAAAAA1BMVEUAAP+KeNJXAAAAAXRSTlMAQObYZgAAAAlwSFlzAAAOxAAADsQBlSsOGwAAAApJREFUCNdjYAAAAAIAAeIhvDMAAAAASUVORK5CYII=\"  alt=\"\"  class=\"wp-image-48285 pk-lazyload\"  width=\"401\"  height=\"240\"  data-pk-sizes=\"auto\"  data-pk-src=\"https:\/\/radiosolaris.com.br\/beta\/wp-content\/uploads\/2021\/02\/IFA-COVID-19-1024x613.jpg\" ><\/figure><\/div>\n\n\n\n<p>Fonte: Ag\u00eancia Brasil &#8211; Vin\u00edcius Lisboa<\/p>\n","protected":false},"excerpt":{"rendered":"<p>Dois lotes de IFA importado chegar\u00e3o ao Brasil nesta semana A Funda\u00e7\u00e3o Oswaldo Cruz (Fiocruz) afirmou&nbsp;no domingo&nbsp;(21) que deve ser assinado at\u00e9 mar\u00e7o o contrato com a farmac\u00eautica AstraZeneca que&hellip;<\/p>\n","protected":false},"author":1,"featured_media":48285,"comment_status":"closed","ping_status":"closed","sticky":false,"template":"","format":"standard","meta":{"_lmt_disableupdate":"","_lmt_disable":"","footnotes":""},"categories":[84],"tags":[186,3137,3815,751,396],"powerkit_post_featured":[],"class_list":{"0":"post-48284","1":"post","2":"type-post","3":"status-publish","4":"format-standard","5":"has-post-thumbnail","7":"category-brasil","8":"tag-brasil","9":"tag-covid-19","10":"tag-fiocruz","11":"tag-producao","12":"tag-vacina"},"modified_by":null,"_links":{"self":[{"href":"https:\/\/radiosolaris.com.br\/beta\/wp-json\/wp\/v2\/posts\/48284","targetHints":{"allow":["GET"]}}],"collection":[{"href":"https:\/\/radiosolaris.com.br\/beta\/wp-json\/wp\/v2\/posts"}],"about":[{"href":"https:\/\/radiosolaris.com.br\/beta\/wp-json\/wp\/v2\/types\/post"}],"author":[{"embeddable":true,"href":"https:\/\/radiosolaris.com.br\/beta\/wp-json\/wp\/v2\/users\/1"}],"replies":[{"embeddable":true,"href":"https:\/\/radiosolaris.com.br\/beta\/wp-json\/wp\/v2\/comments?post=48284"}],"version-history":[{"count":0,"href":"https:\/\/radiosolaris.com.br\/beta\/wp-json\/wp\/v2\/posts\/48284\/revisions"}],"wp:featuredmedia":[{"embeddable":true,"href":"https:\/\/radiosolaris.com.br\/beta\/wp-json\/wp\/v2\/media\/48285"}],"wp:attachment":[{"href":"https:\/\/radiosolaris.com.br\/beta\/wp-json\/wp\/v2\/media?parent=48284"}],"wp:term":[{"taxonomy":"category","embeddable":true,"href":"https:\/\/radiosolaris.com.br\/beta\/wp-json\/wp\/v2\/categories?post=48284"},{"taxonomy":"post_tag","embeddable":true,"href":"https:\/\/radiosolaris.com.br\/beta\/wp-json\/wp\/v2\/tags?post=48284"},{"taxonomy":"powerkit_post_featured","embeddable":true,"href":"https:\/\/radiosolaris.com.br\/beta\/wp-json\/wp\/v2\/powerkit_post_featured?post=48284"}],"curies":[{"name":"wp","href":"https:\/\/api.w.org\/{rel}","templated":true}]}}