{"id":48281,"date":"2021-02-22T08:14:39","date_gmt":"2021-02-22T11:14:39","guid":{"rendered":"https:\/\/radiosolaris.com.br\/beta\/?p=48281"},"modified":"2021-02-22T08:14:42","modified_gmt":"2021-02-22T11:14:42","slug":"confirmadas-novas-variantes-do-coronavirus-no-rio-grande-do-norte","status":"publish","type":"post","link":"https:\/\/radiosolaris.com.br\/beta\/confirmadas-novas-variantes-do-coronavirus-no-rio-grande-do-norte\/","title":{"rendered":"Confirmadas novas variantes do coronav\u00edrus no Rio Grande do Norte"},"content":{"rendered":"\n<h4 id=\"instituto-de-medicina-tropical-identificou-duas-novas-variantes\" class=\"wp-block-heading\">Instituto de Medicina Tropical identificou duas novas variantes<\/h4>\n\n\n\n<p>O Instituto de Medicina Tropical da Universidade Federal do Rio Grande do Norte (UFRN) confirmou a circula\u00e7\u00e3o de novas variantes do coronav\u00edrus no estado. De acordo com a entidade, os resultados do estudo foram comunicados \u00e0s autoridades de sa\u00fade, para que tomassem conhecimento e efetuassem as medidas cab\u00edveis.<\/p>\n\n\n\n<p>A pesquisa que confirmou a circula\u00e7\u00e3o foi realizada por meio de sequenciamento gen\u00e9tico e est\u00e1 analisando 91 amostras do coronav\u00edrus, provenientes do Rio Grande do Norte e da Para\u00edba. As amostras de Natal, capital potiguar, s\u00e3o&nbsp;de janeiro&nbsp;e fevereiro de 2021 e foi poss\u00edvel identificar a linhagem P1 que foi inicialmente encontrada em Manaus (AM), al\u00e9m da linhagem P2, descrita no Rio&nbsp;de Janeiro&nbsp;e que est\u00e1 se disseminando pelo Brasil.<\/p>\n\n\n\n<p>O estudo acontece em colabora\u00e7\u00e3o com o Laborat\u00f3rio de Bioinform\u00e1tica do Laborat\u00f3rio Nacional de Computa\u00e7\u00e3o Cient\u00edfica (LNCC) do Minist\u00e9rio da Ci\u00eancia, Tecnologia e Inova\u00e7\u00f5es (MCTI), que, por meio de uma rede de pesquisadores, estuda a evolu\u00e7\u00e3o do v\u00edrus no Brasil.<\/p>\n\n\n\n<p>Al\u00e9m disso, como as novas muta\u00e7\u00f5es do v\u00edrus identificadas est\u00e3o associadas a uma poss\u00edvel maior dispers\u00e3o, o instituto refor\u00e7a a import\u00e2ncia das medidas de preven\u00e7\u00e3o, como distanciamento social, higiene das m\u00e3os e uso de m\u00e1scaras, que s\u00e3o a\u00e7\u00f5es individuais que auxiliam a diminuir a transmiss\u00e3o de covid-19.&nbsp;<\/p>\n\n\n\n<p>De acordo com o \u00faltimo boletim da Secretaria de Sa\u00fade do Rio Grande do Norte, a taxa de ocupa\u00e7\u00e3o de leitos de terapia intensiva (UTI) do sistema p\u00fablico est\u00e1 em 85,98% no estado. Desde o in\u00edcio da pandemia, foram registrados 3.448 \u00f3bitos e 159.072 casos da doen\u00e7a.<\/p>\n\n\n\n<p>O governo estadual anunciou que vai editar um novo decreto com a amplia\u00e7\u00e3o de medidas restritivas para conter o avan\u00e7o da pandemia e evitar o colapso na rede de sa\u00fade. Em reuni\u00e3o com prefeitos na \u00faltima&nbsp;sexta-feira (19), ficou acordado que, pelo per\u00edodo de 14 dias, estar\u00e1 proibido o funcionamento de bares, restaurantes e similares ap\u00f3s as 22h para atendimento ao p\u00fablico e at\u00e9 as 23h apenas para fins de encerramento de suas atividades operacionais; a realiza\u00e7\u00e3o de quaisquer festas ou eventos; e a comercializa\u00e7\u00e3o de bebidas alco\u00f3licas, bem como seu consumo, em ambientes p\u00fablicos, ap\u00f3s as 22h.<\/p>\n\n\n\n<p>As prefeituras tamb\u00e9m dever\u00e3o editar decretos adequando as recomenda\u00e7\u00f5es do governo do estado \u00e0s peculiaridades de cada munic\u00edpio.<\/p>\n\n\n\n<div class=\"wp-block-image\"><figure class=\"aligncenter size-large is-resized\"><img  loading=\"lazy\"  decoding=\"async\"  src=\"data:image\/png;base64,iVBORw0KGgoAAAANSUhEUgAAAAEAAAABAQMAAAAl21bKAAAAA1BMVEUAAP+KeNJXAAAAAXRSTlMAQObYZgAAAAlwSFlzAAAOxAAADsQBlSsOGwAAAApJREFUCNdjYAAAAAIAAeIhvDMAAAAASUVORK5CYII=\"  alt=\"\"  class=\"wp-image-48282 pk-lazyload\"  width=\"465\"  height=\"278\"  data-pk-sizes=\"auto\"  data-pk-src=\"https:\/\/radiosolaris.com.br\/beta\/wp-content\/uploads\/2021\/02\/Variante-Covid-1024x613.jpg\" ><\/figure><\/div>\n\n\n\n<p>Fonte: Ag\u00eancia Brasil &#8211; Andreia Verd\u00e9lio<\/p>\n","protected":false},"excerpt":{"rendered":"<p>Instituto de Medicina Tropical identificou duas novas variantes O Instituto de Medicina Tropical da Universidade Federal do Rio Grande do Norte (UFRN) confirmou a circula\u00e7\u00e3o de novas variantes do coronav\u00edrus&hellip;<\/p>\n","protected":false},"author":1,"featured_media":48282,"comment_status":"closed","ping_status":"closed","sticky":false,"template":"","format":"standard","meta":{"_lmt_disableupdate":"","_lmt_disable":"","footnotes":""},"categories":[84],"tags":[433,3137,6128,6046],"powerkit_post_featured":[],"class_list":{"0":"post-48281","1":"post","2":"type-post","3":"status-publish","4":"format-standard","5":"has-post-thumbnail","7":"category-brasil","8":"tag-casos","9":"tag-covid-19","10":"tag-rio-grande-do-norte","11":"tag-variante"},"modified_by":null,"_links":{"self":[{"href":"https:\/\/radiosolaris.com.br\/beta\/wp-json\/wp\/v2\/posts\/48281","targetHints":{"allow":["GET"]}}],"collection":[{"href":"https:\/\/radiosolaris.com.br\/beta\/wp-json\/wp\/v2\/posts"}],"about":[{"href":"https:\/\/radiosolaris.com.br\/beta\/wp-json\/wp\/v2\/types\/post"}],"author":[{"embeddable":true,"href":"https:\/\/radiosolaris.com.br\/beta\/wp-json\/wp\/v2\/users\/1"}],"replies":[{"embeddable":true,"href":"https:\/\/radiosolaris.com.br\/beta\/wp-json\/wp\/v2\/comments?post=48281"}],"version-history":[{"count":0,"href":"https:\/\/radiosolaris.com.br\/beta\/wp-json\/wp\/v2\/posts\/48281\/revisions"}],"wp:featuredmedia":[{"embeddable":true,"href":"https:\/\/radiosolaris.com.br\/beta\/wp-json\/wp\/v2\/media\/48282"}],"wp:attachment":[{"href":"https:\/\/radiosolaris.com.br\/beta\/wp-json\/wp\/v2\/media?parent=48281"}],"wp:term":[{"taxonomy":"category","embeddable":true,"href":"https:\/\/radiosolaris.com.br\/beta\/wp-json\/wp\/v2\/categories?post=48281"},{"taxonomy":"post_tag","embeddable":true,"href":"https:\/\/radiosolaris.com.br\/beta\/wp-json\/wp\/v2\/tags?post=48281"},{"taxonomy":"powerkit_post_featured","embeddable":true,"href":"https:\/\/radiosolaris.com.br\/beta\/wp-json\/wp\/v2\/powerkit_post_featured?post=48281"}],"curies":[{"name":"wp","href":"https:\/\/api.w.org\/{rel}","templated":true}]}}