{"id":47820,"date":"2021-02-13T22:47:32","date_gmt":"2021-02-14T01:47:32","guid":{"rendered":"https:\/\/radiosolaris.com.br\/beta\/?p=47820"},"modified":"2021-02-14T18:32:41","modified_gmt":"2021-02-14T21:32:41","slug":"morre-em-gramado-primeira-vitima-de-nova-variante-da-covid-19-no-rio-grande-do-sul","status":"publish","type":"post","link":"https:\/\/radiosolaris.com.br\/beta\/morre-em-gramado-primeira-vitima-de-nova-variante-da-covid-19-no-rio-grande-do-sul\/","title":{"rendered":"Morre em Gramado primeira v\u00edtima de nova variante da Covid-19 no Rio Grande do Sul"},"content":{"rendered":"\n<h4 id=\"ha-suspeitas-de-que-se-trate-da-mesma-variante-encontrada-em-manaus\" class=\"wp-block-heading\">H\u00e1 suspeitas de que se trate da mesma variante encontrada em Manaus<\/h4>\n\n\n\n<p>A Secretaria Estadual da Sa\u00fade (SES) confirmou na noite de sexta-feira (12), a primeira morte de infectado pela P1, a nova linhagem da Covid-19 encontrada no Rio Grande do Sul. Trata-se de um homem de 88 anos, morador de Gramado, que apresentou os primeiros sintomas da doen\u00e7a em 29 de janeiro.<\/p>\n\n\n\n<p>A SES havia confirmado ainda na sexta-feira (12) o primeiro caso da linhagem P1 no Rio Grande do Sul, mas n\u00e3o havia divulgado de qual regi\u00e3o era o infectado. O idoso morreu ainda na quarta-feira (10) ap\u00f3s ficar internado no Hospital Arcanjo S\u00e3o Miguel, em Gramado.<\/p>\n\n\n\n<p>A P1 \u00e9 considerada mais transmiss\u00edvel do que a P2, variante predominante no estado, segundo a Secretaria. Ainda est\u00e1 sendo investigado se a variante \u00e9 a mesma que surgiu em Manaus, no Amazonas.<\/p>\n\n\n\n<p>Segundo informa\u00e7\u00f5es oficiais, ele n\u00e3o tinha hist\u00f3rico recente de viagem ou contato direto com pessoas que viajaram para outros estados. Ainda n\u00e3o se sabe se o gramadense \u00e9 um caso isolado ou se mais ga\u00fachos j\u00e1 contra\u00edram a nova cepa do v\u00edrus.<\/p>\n\n\n\n<figure class=\"wp-block-gallery columns-1 is-cropped wp-block-gallery-1 is-layout-flex wp-block-gallery-is-layout-flex\"><ul class=\"blocks-gallery-grid\"><li class=\"blocks-gallery-item\"><figure><a href=\"https:\/\/radiosolaris.com.br\/beta\/wp-content\/uploads\/2021\/02\/MORTE-COVID-19.jpeg\"><img  decoding=\"async\"  src=\"data:image\/png;base64,iVBORw0KGgoAAAANSUhEUgAAAAEAAAABAQMAAAAl21bKAAAAA1BMVEUAAP+KeNJXAAAAAXRSTlMAQObYZgAAAAlwSFlzAAAOxAAADsQBlSsOGwAAAApJREFUCNdjYAAAAAIAAeIhvDMAAAAASUVORK5CYII=\"  alt=\"\"  data-id=\"47824\"  data-full-url=\"https:\/\/radiosolaris.com.br\/beta\/wp-content\/uploads\/2021\/02\/MORTE-COVID-19.jpeg\"  data-link=\"https:\/\/radiosolaris.com.br\/beta\/?attachment_id=47824\"  class=\"wp-image-47824 pk-lazyload\"  data-pk-sizes=\"auto\"  data-pk-src=\"https:\/\/radiosolaris.com.br\/beta\/wp-content\/uploads\/2021\/02\/MORTE-COVID-19-1024x682.jpeg\" ><\/a><\/figure><\/li><\/ul><\/figure>\n","protected":false},"excerpt":{"rendered":"<p>H\u00e1 suspeitas de que se trate da mesma variante encontrada em Manaus A Secretaria Estadual da Sa\u00fade (SES) confirmou na noite de sexta-feira (12), a primeira morte de infectado pela&hellip;<\/p>\n","protected":false},"author":4,"featured_media":47824,"comment_status":"closed","ping_status":"closed","sticky":false,"template":"","format":"standard","meta":{"_lmt_disableupdate":"","_lmt_disable":"","footnotes":""},"categories":[83],"tags":[6044,2752,3137,1032,6047,6045,283,6046],"powerkit_post_featured":[],"class_list":{"0":"post-47820","1":"post","2":"type-post","3":"status-publish","4":"format-standard","5":"has-post-thumbnail","7":"category-serra-gaucha","8":"tag-cepa","9":"tag-coronavirus","10":"tag-covid-19","11":"tag-gramado","12":"tag-manaus","13":"tag-nova-variante","14":"tag-serra-gaucha","15":"tag-variante"},"modified_by":"Jeferson Freitas","_links":{"self":[{"href":"https:\/\/radiosolaris.com.br\/beta\/wp-json\/wp\/v2\/posts\/47820","targetHints":{"allow":["GET"]}}],"collection":[{"href":"https:\/\/radiosolaris.com.br\/beta\/wp-json\/wp\/v2\/posts"}],"about":[{"href":"https:\/\/radiosolaris.com.br\/beta\/wp-json\/wp\/v2\/types\/post"}],"author":[{"embeddable":true,"href":"https:\/\/radiosolaris.com.br\/beta\/wp-json\/wp\/v2\/users\/4"}],"replies":[{"embeddable":true,"href":"https:\/\/radiosolaris.com.br\/beta\/wp-json\/wp\/v2\/comments?post=47820"}],"version-history":[{"count":0,"href":"https:\/\/radiosolaris.com.br\/beta\/wp-json\/wp\/v2\/posts\/47820\/revisions"}],"wp:featuredmedia":[{"embeddable":true,"href":"https:\/\/radiosolaris.com.br\/beta\/wp-json\/wp\/v2\/media\/47824"}],"wp:attachment":[{"href":"https:\/\/radiosolaris.com.br\/beta\/wp-json\/wp\/v2\/media?parent=47820"}],"wp:term":[{"taxonomy":"category","embeddable":true,"href":"https:\/\/radiosolaris.com.br\/beta\/wp-json\/wp\/v2\/categories?post=47820"},{"taxonomy":"post_tag","embeddable":true,"href":"https:\/\/radiosolaris.com.br\/beta\/wp-json\/wp\/v2\/tags?post=47820"},{"taxonomy":"powerkit_post_featured","embeddable":true,"href":"https:\/\/radiosolaris.com.br\/beta\/wp-json\/wp\/v2\/powerkit_post_featured?post=47820"}],"curies":[{"name":"wp","href":"https:\/\/api.w.org\/{rel}","templated":true}]}}