{"id":46752,"date":"2021-01-23T06:23:33","date_gmt":"2021-01-23T09:23:33","guid":{"rendered":"https:\/\/radiosolaris.com.br\/beta\/?p=46752"},"modified":"2021-01-23T06:32:25","modified_gmt":"2021-01-23T09:32:25","slug":"veiculo-tomba-na-ers-122-e-motorista-fica-ferido-em-flores-da-cunha","status":"publish","type":"post","link":"https:\/\/radiosolaris.com.br\/beta\/veiculo-tomba-na-ers-122-e-motorista-fica-ferido-em-flores-da-cunha\/","title":{"rendered":"Ve\u00edculo tomba na ERS-122 e motorista fica ferido em Flores da Cunha"},"content":{"rendered":"\n<h4 id=\"motorista-foi-socorrido-com-escoriacoes-pela-ambulancia-da-egr\" class=\"wp-block-heading\">Motorista foi socorrido com escoria\u00e7\u00f5es pela ambul\u00e2ncia da EGR<\/h4>\n\n\n\n<p>O condutor de um ve\u00edculo Gol, nome e idade n\u00e3o confirmados, ficou ferido ap\u00f3s tombar o autom\u00f3vel sobre a pista de rolamento da ERS-122, rodovia que liga os munic\u00edpios de Flores da Cunha e Caxias do Sul. De acordo com a Pol\u00edcia Rodovi\u00e1ria Estadual (PRE), que atende a ocorr\u00eancia, o acidente foi registrado por volta das 5h deste s\u00e1bado (23), no km 89 da rodovia, nas proximidades da empresa Panizzon Embalagens.<\/p>\n\n\n\n<p>Segundo informa\u00e7\u00f5es preliminares, o condutor transitava pela rodovia, quando, por motivos ainda desconhecidos, perdeu o controle do ve\u00edculo e tombou. O motorista recebeu atendimento do Samu, de uma equipe do Corpo de Bombeiros de Flores da Cunha e da ambul\u00e2ncia da Empresa Ga\u00facha de Rodovias (EGR). Segundo a guarni\u00e7\u00e3o da PRE, em princ\u00edpio, o estado de sa\u00fade da v\u00edtima n\u00e3o \u00e9 grave.<\/p>\n\n\n\n<figure class=\"wp-block-gallery columns-1 is-cropped wp-block-gallery-1 is-layout-flex wp-block-gallery-is-layout-flex\"><ul class=\"blocks-gallery-grid\"><li class=\"blocks-gallery-item\"><figure><a href=\"https:\/\/radiosolaris.com.br\/beta\/wp-content\/uploads\/2021\/01\/Veiculo-tomba-na-ERS-122-e-motorista-fica-ferido-em-Flores-da-Cunha.jpeg\"><img  decoding=\"async\"  src=\"data:image\/png;base64,iVBORw0KGgoAAAANSUhEUgAAAAEAAAABAQMAAAAl21bKAAAAA1BMVEUAAP+KeNJXAAAAAXRSTlMAQObYZgAAAAlwSFlzAAAOxAAADsQBlSsOGwAAAApJREFUCNdjYAAAAAIAAeIhvDMAAAAASUVORK5CYII=\"  alt=\"\"  data-id=\"46753\"  data-full-url=\"https:\/\/radiosolaris.com.br\/beta\/wp-content\/uploads\/2021\/01\/Veiculo-tomba-na-ERS-122-e-motorista-fica-ferido-em-Flores-da-Cunha.jpeg\"  data-link=\"https:\/\/radiosolaris.com.br\/beta\/?attachment_id=46753\"  class=\"wp-image-46753 pk-lazyload\"  data-pk-sizes=\"auto\"  data-pk-src=\"https:\/\/radiosolaris.com.br\/beta\/wp-content\/uploads\/2021\/01\/Veiculo-tomba-na-ERS-122-e-motorista-fica-ferido-em-Flores-da-Cunha-1024x768.jpeg\" ><\/a><figcaption class=\"blocks-gallery-item__caption\">Foto: Pol\u00edcia Rodovi\u00e1ria Estadual\/ Divulga\u00e7\u00e3o<\/figcaption><\/figure><\/li><\/ul><\/figure>\n","protected":false},"excerpt":{"rendered":"<p>Motorista foi socorrido com escoria\u00e7\u00f5es pela ambul\u00e2ncia da EGR O condutor de um ve\u00edculo Gol, nome e idade n\u00e3o confirmados, ficou ferido ap\u00f3s tombar o autom\u00f3vel sobre a pista de&hellip;<\/p>\n","protected":false},"author":13,"featured_media":46753,"comment_status":"closed","ping_status":"closed","sticky":false,"template":"","format":"standard","meta":{"_lmt_disableupdate":"","_lmt_disable":"","footnotes":""},"categories":[83],"tags":[307,148,503,522,114,425,2025,283,1243],"powerkit_post_featured":[],"class_list":{"0":"post-46752","1":"post","2":"type-post","3":"status-publish","4":"format-standard","5":"has-post-thumbnail","7":"category-serra-gaucha","8":"tag-acidente","9":"tag-caxias-do-sul","10":"tag-egr","11":"tag-ers-122-2","12":"tag-flores-da-cunha","13":"tag-pre","14":"tag-samu","15":"tag-serra-gaucha","16":"tag-tombamento"},"modified_by":"Filipe Brogliatto","_links":{"self":[{"href":"https:\/\/radiosolaris.com.br\/beta\/wp-json\/wp\/v2\/posts\/46752","targetHints":{"allow":["GET"]}}],"collection":[{"href":"https:\/\/radiosolaris.com.br\/beta\/wp-json\/wp\/v2\/posts"}],"about":[{"href":"https:\/\/radiosolaris.com.br\/beta\/wp-json\/wp\/v2\/types\/post"}],"author":[{"embeddable":true,"href":"https:\/\/radiosolaris.com.br\/beta\/wp-json\/wp\/v2\/users\/13"}],"replies":[{"embeddable":true,"href":"https:\/\/radiosolaris.com.br\/beta\/wp-json\/wp\/v2\/comments?post=46752"}],"version-history":[{"count":0,"href":"https:\/\/radiosolaris.com.br\/beta\/wp-json\/wp\/v2\/posts\/46752\/revisions"}],"wp:featuredmedia":[{"embeddable":true,"href":"https:\/\/radiosolaris.com.br\/beta\/wp-json\/wp\/v2\/media\/46753"}],"wp:attachment":[{"href":"https:\/\/radiosolaris.com.br\/beta\/wp-json\/wp\/v2\/media?parent=46752"}],"wp:term":[{"taxonomy":"category","embeddable":true,"href":"https:\/\/radiosolaris.com.br\/beta\/wp-json\/wp\/v2\/categories?post=46752"},{"taxonomy":"post_tag","embeddable":true,"href":"https:\/\/radiosolaris.com.br\/beta\/wp-json\/wp\/v2\/tags?post=46752"},{"taxonomy":"powerkit_post_featured","embeddable":true,"href":"https:\/\/radiosolaris.com.br\/beta\/wp-json\/wp\/v2\/powerkit_post_featured?post=46752"}],"curies":[{"name":"wp","href":"https:\/\/api.w.org\/{rel}","templated":true}]}}