{"id":46577,"date":"2021-01-20T15:48:23","date_gmt":"2021-01-20T18:48:23","guid":{"rendered":"https:\/\/radiosolaris.com.br\/beta\/?p=46577"},"modified":"2021-01-20T17:04:19","modified_gmt":"2021-01-20T20:04:19","slug":"secretaria-da-agricultura-de-antonio-prado-orienta-para-recebimento-de-brita","status":"publish","type":"post","link":"https:\/\/radiosolaris.com.br\/beta\/secretaria-da-agricultura-de-antonio-prado-orienta-para-recebimento-de-brita\/","title":{"rendered":"SECRETARIA DA AGRICULTURA DE ANT\u00d4NIO PRADO ORIENTA PARA RECEBIMENTO DE BRITA"},"content":{"rendered":"\n<h4 id=\"os-produtores-tambem-devem-apresentar-os-taloes-de-notas\" class=\"wp-block-heading\">Os produtores tamb\u00e9m devem apresentar os tal\u00f5es de notas<\/h4>\n\n\n\n<p>A administra\u00e7\u00e3o municipal de Ant\u00f4nio Prado, atrav\u00e9s das Secretarias de Agricultura e de Obras, est\u00e1 disponibilizando para os produtores rurais do munic\u00edpio o transporte de brita at\u00e9 as propriedades. &nbsp;Este subs\u00eddio est\u00e1 ocorrendo conforme a Lei Municipal n\u00b0 2.905 de 2014, que cria o programa m\u00e1quina para todos. O objetivo \u00e9 melhorar a qualidade dos acessos e a movimenta\u00e7\u00e3o interna para o escoamento da safra.<\/p>\n\n\n\n<p>Os agricultores interessados devem comparecer junto \u00e0 secretaria da agricultura para fazer a inscri\u00e7\u00e3o, apresentando tal\u00e3o de produtor e DAP\/PRONAF.<\/p>\n\n\n\n<p>A prefeitura tamb\u00e9m convoca os produtores rurais, que possuem inscri\u00e7\u00e3o estadual, para que apresentem os tal\u00f5es de notas fiscais at\u00e9 o dia 15 de mar\u00e7o.<\/p>\n\n\n\n<p>O objetivo \u00e9 fazer o levantamento anual dos tal\u00f5es retirados em 2020 ou anos anteriores, que est\u00e3o em uso ou os terminados, cujo resumo ainda n\u00e3o foi entregue na prefeitura.<\/p>\n\n\n\n<p>Os produtores devem apresentar os tal\u00f5es da maneira mais completa poss\u00edvel: preenchido corretamente, com as contra notas em dia, afixadas no local correto no tal\u00e3o, de forma organizada. Os tal\u00f5es em que todas as notas foram usadas devem ser apresentados com o resumo para dar baixa.<\/p>\n\n\n\n<p>O produtor que possuir contrato de parceria, arrendamento ou comodato deve atentar para o prazo de vig\u00eancia do mesmo, e, caso o prazo de t\u00e9rmino j\u00e1 tenha expirado deve providenciar documenta\u00e7\u00e3o para atualizar o cadastro ou renova\u00e7\u00e3o do contrato.<\/p>\n\n\n\n<p>D\u00favidas ou informa\u00e7\u00f5es, entrar em contato pelo telefone (54) 3293-5627.<\/p>\n\n\n\n<figure class=\"wp-block-image size-large is-style-default\"><img  loading=\"lazy\"  decoding=\"async\"  width=\"550\"  height=\"309\"  src=\"data:image\/png;base64,iVBORw0KGgoAAAANSUhEUgAAAAEAAAABAQMAAAAl21bKAAAAA1BMVEUAAP+KeNJXAAAAAXRSTlMAQObYZgAAAAlwSFlzAAAOxAAADsQBlSsOGwAAAApJREFUCNdjYAAAAAIAAeIhvDMAAAAASUVORK5CYII=\"  alt=\"\"  class=\"wp-image-43106 pk-lazyload\"  data-pk-sizes=\"auto\"  data-ls-sizes=\"auto, (max-width: 550px) 100vw, 550px\"  data-pk-src=\"https:\/\/radiosolaris.com.br\/beta\/wp-content\/uploads\/2020\/11\/prefeitura-de-antonio.jpg\"  data-pk-srcset=\"https:\/\/radiosolaris.com.br\/beta\/wp-content\/uploads\/2020\/11\/prefeitura-de-antonio.jpg 550w, https:\/\/radiosolaris.com.br\/beta\/wp-content\/uploads\/2020\/11\/prefeitura-de-antonio-120x67.jpg 120w, https:\/\/radiosolaris.com.br\/beta\/wp-content\/uploads\/2020\/11\/prefeitura-de-antonio-90x51.jpg 90w, https:\/\/radiosolaris.com.br\/beta\/wp-content\/uploads\/2020\/11\/prefeitura-de-antonio-320x180.jpg 320w\" ><\/figure>\n\n\n\n<p><\/p>\n","protected":false},"excerpt":{"rendered":"<p>Os produtores tamb\u00e9m devem apresentar os tal\u00f5es de notas A administra\u00e7\u00e3o municipal de Ant\u00f4nio Prado, atrav\u00e9s das Secretarias de Agricultura e de Obras, est\u00e1 disponibilizando para os produtores rurais do&hellip;<\/p>\n","protected":false},"author":1,"featured_media":43106,"comment_status":"closed","ping_status":"closed","sticky":false,"template":"","format":"standard","meta":{"_lmt_disableupdate":"","_lmt_disable":"","footnotes":""},"categories":[1],"tags":[2186,143,5842,751],"powerkit_post_featured":[],"class_list":{"0":"post-46577","1":"post","2":"type-post","3":"status-publish","4":"format-standard","5":"has-post-thumbnail","7":"category-geral","8":"tag-agricultura","9":"tag-antonio-prado","10":"tag-notas-fiscais","11":"tag-producao"},"modified_by":null,"_links":{"self":[{"href":"https:\/\/radiosolaris.com.br\/beta\/wp-json\/wp\/v2\/posts\/46577","targetHints":{"allow":["GET"]}}],"collection":[{"href":"https:\/\/radiosolaris.com.br\/beta\/wp-json\/wp\/v2\/posts"}],"about":[{"href":"https:\/\/radiosolaris.com.br\/beta\/wp-json\/wp\/v2\/types\/post"}],"author":[{"embeddable":true,"href":"https:\/\/radiosolaris.com.br\/beta\/wp-json\/wp\/v2\/users\/1"}],"replies":[{"embeddable":true,"href":"https:\/\/radiosolaris.com.br\/beta\/wp-json\/wp\/v2\/comments?post=46577"}],"version-history":[{"count":0,"href":"https:\/\/radiosolaris.com.br\/beta\/wp-json\/wp\/v2\/posts\/46577\/revisions"}],"wp:featuredmedia":[{"embeddable":true,"href":"https:\/\/radiosolaris.com.br\/beta\/wp-json\/wp\/v2\/media\/43106"}],"wp:attachment":[{"href":"https:\/\/radiosolaris.com.br\/beta\/wp-json\/wp\/v2\/media?parent=46577"}],"wp:term":[{"taxonomy":"category","embeddable":true,"href":"https:\/\/radiosolaris.com.br\/beta\/wp-json\/wp\/v2\/categories?post=46577"},{"taxonomy":"post_tag","embeddable":true,"href":"https:\/\/radiosolaris.com.br\/beta\/wp-json\/wp\/v2\/tags?post=46577"},{"taxonomy":"powerkit_post_featured","embeddable":true,"href":"https:\/\/radiosolaris.com.br\/beta\/wp-json\/wp\/v2\/powerkit_post_featured?post=46577"}],"curies":[{"name":"wp","href":"https:\/\/api.w.org\/{rel}","templated":true}]}}