{"id":46352,"date":"2021-01-18T08:58:14","date_gmt":"2021-01-18T11:58:14","guid":{"rendered":"https:\/\/radiosolaris.com.br\/beta\/?p=46352"},"modified":"2021-01-18T08:58:19","modified_gmt":"2021-01-18T11:58:19","slug":"idosa-e-vitima-de-estupro-em-antonio-prado","status":"publish","type":"post","link":"https:\/\/radiosolaris.com.br\/beta\/idosa-e-vitima-de-estupro-em-antonio-prado\/","title":{"rendered":"Idosa \u00e9 v\u00edtima de estupro em Ant\u00f4nio Prado"},"content":{"rendered":"\n<h4 id=\"a-policia-ja-tem-a-identificacao-do-abusador\" class=\"wp-block-heading\">A pol\u00edcia j\u00e1 tem a identifica\u00e7\u00e3o do abusador<\/h4>\n\n\n\n<p>Uma ocorr\u00eancia de estupro foi registrada pela Brigada Militar neste domingo (17) em Ant\u00f4nio Prado. A v\u00edtima, uma idosa de 60 anos.<\/p>\n\n\n\n<p>Ap\u00f3s tomar conhecimento do fato, a filha encaminhou a mulher para o hospital S\u00e3o Jos\u00e9, a institui\u00e7\u00e3o acionou a Brigada Militar. A v\u00edtima relatou que foi coagida a ir at\u00e9 a resid\u00eancia de um amigo, de 43 anos, no per\u00edmetro urbano da cidade, e o mesmo for\u00e7ou a manter rela\u00e7\u00f5es sexuais.<\/p>\n\n\n\n<p>A v\u00edtima foi encaminhada ao Instituto Geral de Per\u00edcia, em Caxias do Sul, para laudo.<\/p>\n\n\n\n<p>Os policiais fizeram buscas no local em que ocorreu o abuso, por\u00e9m o homem n\u00e3o foi mais encontrado na resid\u00eancia.<\/p>\n\n\n\n<p>A pol\u00edcia j\u00e1 tem a identifica\u00e7\u00e3o do abusador e aguarda a posi\u00e7\u00e3o do judici\u00e1rio para um poss\u00edvel mandado de pris\u00e3o.<\/p>\n\n\n\n<p>O registro foi feito \u00e0s 13h, por\u00e9m n\u00e3o temos a informa\u00e7\u00e3o de quando o fato teria ocorrido.<\/p>\n\n\n\n<p>Para manter a integridade da v\u00edtima tamb\u00e9m n\u00e3o foi fornecido onde ocorreu o fato.<\/p>\n\n\n\n<figure class=\"wp-block-image size-large is-style-default\"><img  loading=\"lazy\"  decoding=\"async\"  width=\"300\"  height=\"300\"  src=\"data:image\/png;base64,iVBORw0KGgoAAAANSUhEUgAAAAEAAAABAQMAAAAl21bKAAAAA1BMVEUAAP+KeNJXAAAAAXRSTlMAQObYZgAAAAlwSFlzAAAOxAAADsQBlSsOGwAAAApJREFUCNdjYAAAAAIAAeIhvDMAAAAASUVORK5CYII=\"  alt=\"\"  class=\"wp-image-42225 pk-lazyload\"  data-pk-sizes=\"auto\"  data-ls-sizes=\"auto, (max-width: 300px) 100vw, 300px\"  data-pk-src=\"https:\/\/radiosolaris.com.br\/beta\/wp-content\/uploads\/2020\/11\/SEGURANCA-1.jpg\"  data-pk-srcset=\"https:\/\/radiosolaris.com.br\/beta\/wp-content\/uploads\/2020\/11\/SEGURANCA-1.jpg 300w, https:\/\/radiosolaris.com.br\/beta\/wp-content\/uploads\/2020\/11\/SEGURANCA-1-80x80.jpg 80w, https:\/\/radiosolaris.com.br\/beta\/wp-content\/uploads\/2020\/11\/SEGURANCA-1-120x120.jpg 120w, https:\/\/radiosolaris.com.br\/beta\/wp-content\/uploads\/2020\/11\/SEGURANCA-1-90x90.jpg 90w, https:\/\/radiosolaris.com.br\/beta\/wp-content\/uploads\/2020\/11\/SEGURANCA-1-160x160.jpg 160w, https:\/\/radiosolaris.com.br\/beta\/wp-content\/uploads\/2020\/11\/SEGURANCA-1-240x240.jpg 240w, https:\/\/radiosolaris.com.br\/beta\/wp-content\/uploads\/2020\/11\/SEGURANCA-1-180x180.jpg 180w\" ><\/figure>\n\n\n\n<p>Informa\u00e7\u00f5es\/Brigada Militar<\/p>\n","protected":false},"excerpt":{"rendered":"<p>A pol\u00edcia j\u00e1 tem a identifica\u00e7\u00e3o do abusador Uma ocorr\u00eancia de estupro foi registrada pela Brigada Militar neste domingo (17) em Ant\u00f4nio Prado. A v\u00edtima, uma idosa de 60 anos.&hellip;<\/p>\n","protected":false},"author":1,"featured_media":44917,"comment_status":"closed","ping_status":"closed","sticky":false,"template":"","format":"standard","meta":{"_lmt_disableupdate":"","_lmt_disable":"","footnotes":""},"categories":[83],"tags":[1263,143,742,3223],"powerkit_post_featured":[],"class_list":{"0":"post-46352","1":"post","2":"type-post","3":"status-publish","4":"format-standard","5":"has-post-thumbnail","7":"category-serra-gaucha","8":"tag-abuso-sexual","9":"tag-antonio-prado","10":"tag-estupro","11":"tag-idosa"},"modified_by":null,"_links":{"self":[{"href":"https:\/\/radiosolaris.com.br\/beta\/wp-json\/wp\/v2\/posts\/46352","targetHints":{"allow":["GET"]}}],"collection":[{"href":"https:\/\/radiosolaris.com.br\/beta\/wp-json\/wp\/v2\/posts"}],"about":[{"href":"https:\/\/radiosolaris.com.br\/beta\/wp-json\/wp\/v2\/types\/post"}],"author":[{"embeddable":true,"href":"https:\/\/radiosolaris.com.br\/beta\/wp-json\/wp\/v2\/users\/1"}],"replies":[{"embeddable":true,"href":"https:\/\/radiosolaris.com.br\/beta\/wp-json\/wp\/v2\/comments?post=46352"}],"version-history":[{"count":0,"href":"https:\/\/radiosolaris.com.br\/beta\/wp-json\/wp\/v2\/posts\/46352\/revisions"}],"wp:featuredmedia":[{"embeddable":true,"href":"https:\/\/radiosolaris.com.br\/beta\/wp-json\/wp\/v2\/media\/44917"}],"wp:attachment":[{"href":"https:\/\/radiosolaris.com.br\/beta\/wp-json\/wp\/v2\/media?parent=46352"}],"wp:term":[{"taxonomy":"category","embeddable":true,"href":"https:\/\/radiosolaris.com.br\/beta\/wp-json\/wp\/v2\/categories?post=46352"},{"taxonomy":"post_tag","embeddable":true,"href":"https:\/\/radiosolaris.com.br\/beta\/wp-json\/wp\/v2\/tags?post=46352"},{"taxonomy":"powerkit_post_featured","embeddable":true,"href":"https:\/\/radiosolaris.com.br\/beta\/wp-json\/wp\/v2\/powerkit_post_featured?post=46352"}],"curies":[{"name":"wp","href":"https:\/\/api.w.org\/{rel}","templated":true}]}}