{"id":46194,"date":"2021-01-13T16:36:57","date_gmt":"2021-01-13T19:36:57","guid":{"rendered":"https:\/\/radiosolaris.com.br\/beta\/?p=46194"},"modified":"2021-01-13T16:37:00","modified_gmt":"2021-01-13T19:37:00","slug":"jovem-de-16-anos-envolvido-em-tentativa-de-homicidio-em-antonio-prado-e-encontrado-morto","status":"publish","type":"post","link":"https:\/\/radiosolaris.com.br\/beta\/jovem-de-16-anos-envolvido-em-tentativa-de-homicidio-em-antonio-prado-e-encontrado-morto\/","title":{"rendered":"Jovem de 16 anos envolvido em tentativa de homic\u00eddio em Ant\u00f4nio Prado \u00e9 encontrado morto"},"content":{"rendered":"\n<h4 id=\"corpo-foi-localizado-no-bairro-panoramico\" class=\"wp-block-heading\">Corpo foi localizado no bairro Panor\u00e2mico<\/h4>\n\n\n\n<p>Nesta quarta-feira (13), a pol\u00edcia localizou o corpo de um jovem de 16 anos no bairro Panor\u00e2mico, em Ant\u00f4nio Prado. Trata-se da mesma pessoa que, no m\u00eas de dezembro, esteve envolvido em uma tentativa de homic\u00eddio na mesma localidade.<\/p>\n\n\n\n<p>Na ocasi\u00e3o, uma mulher de 35 anos, m\u00e3e do jovem, foi atingida de rasp\u00e3o por tiros ap\u00f3s um homem chegar em sua resid\u00eancia e tentar matar o seu filho, que acabou sendo executado na noite da ter\u00e7a-feira (12).<\/p>\n\n\n\n<p>O corpo foi encontrado por volta das 15h, pr\u00f3ximo a uma estrada dentro do mato, nas proximidades do prolongamento da Av. Valdomiro Bochese. Conforme informa\u00e7\u00f5es da pol\u00edcia, moradores das proximidades ouviram disparos na noite de ter\u00e7a.<\/p>\n\n\n\n<p>O corpo possu\u00eda, ao menos, dois disparos de arma de fogo na cabe\u00e7a.<\/p>\n\n\n\n<p>O jovem foi identificado como Leonardo Rodrigues de S\u00e1.<\/p>\n\n\n\n<figure class=\"wp-block-gallery columns-3 is-cropped wp-block-gallery-1 is-layout-flex wp-block-gallery-is-layout-flex\"><ul class=\"blocks-gallery-grid\"><li class=\"blocks-gallery-item\"><figure><a href=\"https:\/\/radiosolaris.com.br\/beta\/wp-content\/uploads\/2021\/01\/IMG_6789-scaled.jpg\"><img  decoding=\"async\"  src=\"data:image\/png;base64,iVBORw0KGgoAAAANSUhEUgAAAAEAAAABAQMAAAAl21bKAAAAA1BMVEUAAP+KeNJXAAAAAXRSTlMAQObYZgAAAAlwSFlzAAAOxAAADsQBlSsOGwAAAApJREFUCNdjYAAAAAIAAeIhvDMAAAAASUVORK5CYII=\"  alt=\"\"  data-id=\"46195\"  data-full-url=\"https:\/\/radiosolaris.com.br\/beta\/wp-content\/uploads\/2021\/01\/IMG_6789-scaled.jpg\"  data-link=\"https:\/\/radiosolaris.com.br\/beta\/?attachment_id=46195\"  class=\"wp-image-46195 pk-lazyload\"  data-pk-sizes=\"auto\"  data-pk-src=\"https:\/\/radiosolaris.com.br\/beta\/wp-content\/uploads\/2021\/01\/IMG_6789-1024x683.jpg\" ><\/a><\/figure><\/li><li class=\"blocks-gallery-item\"><figure><a href=\"https:\/\/radiosolaris.com.br\/beta\/wp-content\/uploads\/2021\/01\/IMG_6790-scaled.jpg\"><img  decoding=\"async\"  src=\"data:image\/png;base64,iVBORw0KGgoAAAANSUhEUgAAAAEAAAABAQMAAAAl21bKAAAAA1BMVEUAAP+KeNJXAAAAAXRSTlMAQObYZgAAAAlwSFlzAAAOxAAADsQBlSsOGwAAAApJREFUCNdjYAAAAAIAAeIhvDMAAAAASUVORK5CYII=\"  alt=\"\"  data-id=\"46196\"  data-full-url=\"https:\/\/radiosolaris.com.br\/beta\/wp-content\/uploads\/2021\/01\/IMG_6790-scaled.jpg\"  data-link=\"https:\/\/radiosolaris.com.br\/beta\/?attachment_id=46196\"  class=\"wp-image-46196 pk-lazyload\"  data-pk-sizes=\"auto\"  data-pk-src=\"https:\/\/radiosolaris.com.br\/beta\/wp-content\/uploads\/2021\/01\/IMG_6790-1024x683.jpg\" ><\/a><\/figure><\/li><li class=\"blocks-gallery-item\"><figure><a href=\"https:\/\/radiosolaris.com.br\/beta\/wp-content\/uploads\/2021\/01\/IMG_6791-scaled.jpg\"><img  decoding=\"async\"  src=\"data:image\/png;base64,iVBORw0KGgoAAAANSUhEUgAAAAEAAAABAQMAAAAl21bKAAAAA1BMVEUAAP+KeNJXAAAAAXRSTlMAQObYZgAAAAlwSFlzAAAOxAAADsQBlSsOGwAAAApJREFUCNdjYAAAAAIAAeIhvDMAAAAASUVORK5CYII=\"  alt=\"\"  data-id=\"46197\"  data-full-url=\"https:\/\/radiosolaris.com.br\/beta\/wp-content\/uploads\/2021\/01\/IMG_6791-scaled.jpg\"  data-link=\"https:\/\/radiosolaris.com.br\/beta\/?attachment_id=46197\"  class=\"wp-image-46197 pk-lazyload\"  data-pk-sizes=\"auto\"  data-pk-src=\"https:\/\/radiosolaris.com.br\/beta\/wp-content\/uploads\/2021\/01\/IMG_6791-1024x683.jpg\" ><\/a><\/figure><\/li><li class=\"blocks-gallery-item\"><figure><a href=\"https:\/\/radiosolaris.com.br\/beta\/wp-content\/uploads\/2021\/01\/IMG_6792-scaled.jpg\"><img  decoding=\"async\"  src=\"data:image\/png;base64,iVBORw0KGgoAAAANSUhEUgAAAAEAAAABAQMAAAAl21bKAAAAA1BMVEUAAP+KeNJXAAAAAXRSTlMAQObYZgAAAAlwSFlzAAAOxAAADsQBlSsOGwAAAApJREFUCNdjYAAAAAIAAeIhvDMAAAAASUVORK5CYII=\"  alt=\"\"  data-id=\"46198\"  data-full-url=\"https:\/\/radiosolaris.com.br\/beta\/wp-content\/uploads\/2021\/01\/IMG_6792-scaled.jpg\"  data-link=\"https:\/\/radiosolaris.com.br\/beta\/?attachment_id=46198\"  class=\"wp-image-46198 pk-lazyload\"  data-pk-sizes=\"auto\"  data-pk-src=\"https:\/\/radiosolaris.com.br\/beta\/wp-content\/uploads\/2021\/01\/IMG_6792-1024x683.jpg\" ><\/a><\/figure><\/li><li class=\"blocks-gallery-item\"><figure><a href=\"https:\/\/radiosolaris.com.br\/beta\/wp-content\/uploads\/2021\/01\/IMG_6793-scaled.jpg\"><img  decoding=\"async\"  src=\"data:image\/png;base64,iVBORw0KGgoAAAANSUhEUgAAAAEAAAABAQMAAAAl21bKAAAAA1BMVEUAAP+KeNJXAAAAAXRSTlMAQObYZgAAAAlwSFlzAAAOxAAADsQBlSsOGwAAAApJREFUCNdjYAAAAAIAAeIhvDMAAAAASUVORK5CYII=\"  alt=\"\"  data-id=\"46199\"  data-full-url=\"https:\/\/radiosolaris.com.br\/beta\/wp-content\/uploads\/2021\/01\/IMG_6793-scaled.jpg\"  data-link=\"https:\/\/radiosolaris.com.br\/beta\/?attachment_id=46199\"  class=\"wp-image-46199 pk-lazyload\"  data-pk-sizes=\"auto\"  data-pk-src=\"https:\/\/radiosolaris.com.br\/beta\/wp-content\/uploads\/2021\/01\/IMG_6793-1024x683.jpg\" ><\/a><\/figure><\/li><\/ul><\/figure>\n\n\n\n<p>Fonte: Grupo Solaris &#8211; Rep\u00f3rteres Ronei Marc\u00edlio e Luiz Augusto Filipini<\/p>\n","protected":false},"excerpt":{"rendered":"<p>Corpo foi localizado no bairro Panor\u00e2mico Nesta quarta-feira (13), a pol\u00edcia localizou o corpo de um jovem de 16 anos no bairro Panor\u00e2mico, em Ant\u00f4nio Prado. Trata-se da mesma pessoa&hellip;<\/p>\n","protected":false},"author":1,"featured_media":46195,"comment_status":"closed","ping_status":"closed","sticky":false,"template":"","format":"standard","meta":{"_lmt_disableupdate":"","_lmt_disable":"","footnotes":""},"categories":[83],"tags":[143,158,5800,497,222],"powerkit_post_featured":[],"class_list":{"0":"post-46194","1":"post","2":"type-post","3":"status-publish","4":"format-standard","5":"has-post-thumbnail","7":"category-serra-gaucha","8":"tag-antonio-prado","9":"tag-crime","10":"tag-execussao","11":"tag-jovem","12":"tag-morte"},"modified_by":null,"_links":{"self":[{"href":"https:\/\/radiosolaris.com.br\/beta\/wp-json\/wp\/v2\/posts\/46194","targetHints":{"allow":["GET"]}}],"collection":[{"href":"https:\/\/radiosolaris.com.br\/beta\/wp-json\/wp\/v2\/posts"}],"about":[{"href":"https:\/\/radiosolaris.com.br\/beta\/wp-json\/wp\/v2\/types\/post"}],"author":[{"embeddable":true,"href":"https:\/\/radiosolaris.com.br\/beta\/wp-json\/wp\/v2\/users\/1"}],"replies":[{"embeddable":true,"href":"https:\/\/radiosolaris.com.br\/beta\/wp-json\/wp\/v2\/comments?post=46194"}],"version-history":[{"count":0,"href":"https:\/\/radiosolaris.com.br\/beta\/wp-json\/wp\/v2\/posts\/46194\/revisions"}],"wp:featuredmedia":[{"embeddable":true,"href":"https:\/\/radiosolaris.com.br\/beta\/wp-json\/wp\/v2\/media\/46195"}],"wp:attachment":[{"href":"https:\/\/radiosolaris.com.br\/beta\/wp-json\/wp\/v2\/media?parent=46194"}],"wp:term":[{"taxonomy":"category","embeddable":true,"href":"https:\/\/radiosolaris.com.br\/beta\/wp-json\/wp\/v2\/categories?post=46194"},{"taxonomy":"post_tag","embeddable":true,"href":"https:\/\/radiosolaris.com.br\/beta\/wp-json\/wp\/v2\/tags?post=46194"},{"taxonomy":"powerkit_post_featured","embeddable":true,"href":"https:\/\/radiosolaris.com.br\/beta\/wp-json\/wp\/v2\/powerkit_post_featured?post=46194"}],"curies":[{"name":"wp","href":"https:\/\/api.w.org\/{rel}","templated":true}]}}