{"id":45404,"date":"2020-12-31T09:38:41","date_gmt":"2020-12-31T12:38:41","guid":{"rendered":"https:\/\/radiosolaris.com.br\/beta\/?p=45404"},"modified":"2020-12-31T16:51:57","modified_gmt":"2020-12-31T19:51:57","slug":"morre-o-empresario-e-ex-vereador-florense-plinio-ferraz-de-lima","status":"publish","type":"post","link":"https:\/\/radiosolaris.com.br\/beta\/morre-o-empresario-e-ex-vereador-florense-plinio-ferraz-de-lima\/","title":{"rendered":"Morre o empres\u00e1rio e ex-vereador florense Pl\u00ednio Ferraz de Lima"},"content":{"rendered":"\n<h4 id=\"plinio-tinha-78-anos-e-tratava-se-de-uma-pneumonia\" class=\"wp-block-heading\">Pl\u00ednio tinha 78 anos e tratava-se de uma pneumonia<\/h4>\n\n\n\n<p>Faleceu na madrugada desta quinta-feira (31), o empres\u00e1rio e ex-vereador florense, Pl\u00ednio Ferraz de Lima. Propriet\u00e1rio do escrit\u00f3rio cont\u00e1bil JFM, Pl\u00ednio tinha 78 anos e morreu no Hospital Nossa Senhora de F\u00e1tima, v\u00edtima de infarto. Lima tratava-se de uma pneumonia.<\/p>\n\n\n\n<p>Militante da causa pol\u00edtica, Pl\u00ednio era filiado ao Partido Democr\u00e1tico Trabalhista (PDT), fez parte da comiss\u00e3o executiva local do partido e foi vereador em Flores da Cunha, na legislatura 1997-2000. Durante o mandato, Lima foi 2\u00ba secret\u00e1rio da casa entre os anos de 1999 e 2000.<\/p>\n\n\n\n<p>Ferraz de Lima nasceu em 15 de mar\u00e7o de 1942, na cidade de Bom Jesus (RS). Atualmente era casado com Vera Lucia Dellalibera de Lima e tinha quatro filhos (Andreia, Maico, Joel e Jardel &#8211; em mem\u00f3ria) e dois netos. O prefeito L\u00eddio Scortegagna, em seu \u00faltimo dia de mandato, decretou tr\u00eas dias de luto oficial no munic\u00edpio pelo falecimento de Pl\u00ednio.<\/p>\n\n\n\n<p>O corpo de Pl\u00ednio Ferraz de Lima ser\u00e1 velado nesta quinta-feira (31), na Funer\u00e1ria e Capelas S\u00e3o Luiz, em Flores da Cunha. As cerim\u00f4nias de despedida ocorrem das 12h \u00e0s 16h, com celebra\u00e7\u00e3o de encomenda\u00e7\u00e3o no local. O sepultamento ser\u00e1 realizado posteriormente no Cemit\u00e9rio P\u00fablico Municipal de Flores da Cunha.<\/p>\n\n\n\n<figure class=\"wp-block-gallery columns-1 is-cropped wp-block-gallery-1 is-layout-flex wp-block-gallery-is-layout-flex\"><ul class=\"blocks-gallery-grid\"><li class=\"blocks-gallery-item\"><figure><a href=\"https:\/\/radiosolaris.com.br\/beta\/wp-content\/uploads\/2020\/12\/Plinio-Ferraz-de-Lima.jpg\"><img  loading=\"lazy\"  decoding=\"async\"  width=\"556\"  height=\"448\"  src=\"data:image\/png;base64,iVBORw0KGgoAAAANSUhEUgAAAAEAAAABAQMAAAAl21bKAAAAA1BMVEUAAP+KeNJXAAAAAXRSTlMAQObYZgAAAAlwSFlzAAAOxAAADsQBlSsOGwAAAApJREFUCNdjYAAAAAIAAeIhvDMAAAAASUVORK5CYII=\"  alt=\"\"  data-id=\"45412\"  data-full-url=\"https:\/\/radiosolaris.com.br\/beta\/wp-content\/uploads\/2020\/12\/Plinio-Ferraz-de-Lima.jpg\"  data-link=\"https:\/\/radiosolaris.com.br\/beta\/morre-o-empresario-e-ex-vereador-florense-plinio-ferraz-de-lima\/plinio-ferraz-de-lima\/\"  class=\"wp-image-45412 pk-lazyload\"  data-pk-sizes=\"auto\"  data-ls-sizes=\"auto, (max-width: 556px) 100vw, 556px\"  data-pk-src=\"https:\/\/radiosolaris.com.br\/beta\/wp-content\/uploads\/2020\/12\/Plinio-Ferraz-de-Lima.jpg\"  data-pk-srcset=\"https:\/\/radiosolaris.com.br\/beta\/wp-content\/uploads\/2020\/12\/Plinio-Ferraz-de-Lima.jpg 556w, https:\/\/radiosolaris.com.br\/beta\/wp-content\/uploads\/2020\/12\/Plinio-Ferraz-de-Lima-120x97.jpg 120w, https:\/\/radiosolaris.com.br\/beta\/wp-content\/uploads\/2020\/12\/Plinio-Ferraz-de-Lima-90x73.jpg 90w, https:\/\/radiosolaris.com.br\/beta\/wp-content\/uploads\/2020\/12\/Plinio-Ferraz-de-Lima-320x258.jpg 320w\" ><\/a><figcaption class=\"blocks-gallery-item__caption\">Foto: Divulga\u00e7\u00e3o\/ Redes Sociais<\/figcaption><\/figure><\/li><\/ul><\/figure>\n","protected":false},"excerpt":{"rendered":"<p>Pl\u00ednio tinha 78 anos e tratava-se de uma pneumonia Faleceu na madrugada desta quinta-feira (31), o empres\u00e1rio e ex-vereador florense, Pl\u00ednio Ferraz de Lima. Propriet\u00e1rio do escrit\u00f3rio cont\u00e1bil JFM, Pl\u00ednio&hellip;<\/p>\n","protected":false},"author":13,"featured_media":45412,"comment_status":"closed","ping_status":"closed","sticky":false,"template":"","format":"standard","meta":{"_lmt_disableupdate":"","_lmt_disable":"","footnotes":""},"categories":[83],"tags":[5680,5681,114,222,4765,5679,283],"powerkit_post_featured":[],"class_list":{"0":"post-45404","1":"post","2":"type-post","3":"status-publish","4":"format-standard","5":"has-post-thumbnail","7":"category-serra-gaucha","8":"tag-escritorio-jfm","9":"tag-ex-vereador","10":"tag-flores-da-cunha","11":"tag-morte","12":"tag-pdt","13":"tag-plinio-ferraz-de-lima","14":"tag-serra-gaucha"},"modified_by":"Filipe Brogliatto","_links":{"self":[{"href":"https:\/\/radiosolaris.com.br\/beta\/wp-json\/wp\/v2\/posts\/45404","targetHints":{"allow":["GET"]}}],"collection":[{"href":"https:\/\/radiosolaris.com.br\/beta\/wp-json\/wp\/v2\/posts"}],"about":[{"href":"https:\/\/radiosolaris.com.br\/beta\/wp-json\/wp\/v2\/types\/post"}],"author":[{"embeddable":true,"href":"https:\/\/radiosolaris.com.br\/beta\/wp-json\/wp\/v2\/users\/13"}],"replies":[{"embeddable":true,"href":"https:\/\/radiosolaris.com.br\/beta\/wp-json\/wp\/v2\/comments?post=45404"}],"version-history":[{"count":0,"href":"https:\/\/radiosolaris.com.br\/beta\/wp-json\/wp\/v2\/posts\/45404\/revisions"}],"wp:featuredmedia":[{"embeddable":true,"href":"https:\/\/radiosolaris.com.br\/beta\/wp-json\/wp\/v2\/media\/45412"}],"wp:attachment":[{"href":"https:\/\/radiosolaris.com.br\/beta\/wp-json\/wp\/v2\/media?parent=45404"}],"wp:term":[{"taxonomy":"category","embeddable":true,"href":"https:\/\/radiosolaris.com.br\/beta\/wp-json\/wp\/v2\/categories?post=45404"},{"taxonomy":"post_tag","embeddable":true,"href":"https:\/\/radiosolaris.com.br\/beta\/wp-json\/wp\/v2\/tags?post=45404"},{"taxonomy":"powerkit_post_featured","embeddable":true,"href":"https:\/\/radiosolaris.com.br\/beta\/wp-json\/wp\/v2\/powerkit_post_featured?post=45404"}],"curies":[{"name":"wp","href":"https:\/\/api.w.org\/{rel}","templated":true}]}}