{"id":44916,"date":"2020-12-21T16:58:14","date_gmt":"2020-12-21T19:58:14","guid":{"rendered":"https:\/\/radiosolaris.com.br\/beta\/?p=44916"},"modified":"2020-12-21T16:58:18","modified_gmt":"2020-12-21T19:58:18","slug":"ipe-homem-tenta-matar-mulher-e-cometer-suicidio","status":"publish","type":"post","link":"https:\/\/radiosolaris.com.br\/beta\/ipe-homem-tenta-matar-mulher-e-cometer-suicidio\/","title":{"rendered":"Ip\u00ea: Homem tenta matar mulher e cometer suic\u00eddio"},"content":{"rendered":"\n<h4 id=\"nao-ha-informacoes-oficiais-sobre-o-estado-das-vitimas\" class=\"wp-block-heading\">N\u00e3o h\u00e1 informa\u00e7\u00f5es oficiais sobre o estado das v\u00edtimas<\/h4>\n\n\n\n<p>Na tarde desta segunda-feira (21), por volta das 14h45min, houve uma tentativa de homic\u00eddio em Ip\u00ea, seguida da tentativa de suic\u00eddio.<\/p>\n\n\n\n<p>Conforme informa\u00e7\u00f5es preliminares, o ex-namorado tentou contra a vida da ex-namorada com um tiro na cabe\u00e7a. Em seguida, o homem tentou cometer suic\u00eddio com um tiro na cabe\u00e7a.<\/p>\n\n\n\n<p>O fato ocorreu na localidade de Vila Segredo. N\u00e3o h\u00e1 informa\u00e7\u00f5es sobre o estado de sa\u00fade das v\u00edtimas, que foram encaminhadas ao Hospital S\u00e3o Jos\u00e9 por ambul\u00e2ncias da Secretaria Municipal da Sa\u00fade.<\/p>\n\n\n\n<div class=\"wp-block-image\"><figure class=\"aligncenter size-large is-resized\"><img  loading=\"lazy\"  decoding=\"async\"  src=\"data:image\/png;base64,iVBORw0KGgoAAAANSUhEUgAAAAEAAAABAQMAAAAl21bKAAAAA1BMVEUAAP+KeNJXAAAAAXRSTlMAQObYZgAAAAlwSFlzAAAOxAAADsQBlSsOGwAAAApJREFUCNdjYAAAAAIAAeIhvDMAAAAASUVORK5CYII=\"  alt=\"\"  class=\"wp-image-44917 pk-lazyload\"  width=\"513\"  height=\"513\"  data-pk-sizes=\"auto\"  data-ls-sizes=\"auto, (max-width: 513px) 100vw, 513px\"  data-pk-src=\"https:\/\/radiosolaris.com.br\/beta\/wp-content\/uploads\/2020\/12\/seguranca.jpg\"  data-pk-srcset=\"https:\/\/radiosolaris.com.br\/beta\/wp-content\/uploads\/2020\/12\/seguranca.jpg 1000w, https:\/\/radiosolaris.com.br\/beta\/wp-content\/uploads\/2020\/12\/seguranca-800x800.jpg 800w, https:\/\/radiosolaris.com.br\/beta\/wp-content\/uploads\/2020\/12\/seguranca-80x80.jpg 80w, https:\/\/radiosolaris.com.br\/beta\/wp-content\/uploads\/2020\/12\/seguranca-120x120.jpg 120w, https:\/\/radiosolaris.com.br\/beta\/wp-content\/uploads\/2020\/12\/seguranca-90x90.jpg 90w, https:\/\/radiosolaris.com.br\/beta\/wp-content\/uploads\/2020\/12\/seguranca-320x320.jpg 320w, https:\/\/radiosolaris.com.br\/beta\/wp-content\/uploads\/2020\/12\/seguranca-560x560.jpg 560w\" ><\/figure><\/div>\n\n\n\n<p>Fonte: Grupo Solaris<\/p>\n","protected":false},"excerpt":{"rendered":"<p>N\u00e3o h\u00e1 informa\u00e7\u00f5es oficiais sobre o estado das v\u00edtimas Na tarde desta segunda-feira (21), por volta das 14h45min, houve uma tentativa de homic\u00eddio em Ip\u00ea, seguida da tentativa de suic\u00eddio.&hellip;<\/p>\n","protected":false},"author":1,"featured_media":44917,"comment_status":"closed","ping_status":"closed","sticky":false,"template":"","format":"standard","meta":{"_lmt_disableupdate":"","_lmt_disable":"","footnotes":""},"categories":[83],"tags":[576,1865,116,4754],"powerkit_post_featured":[],"class_list":{"0":"post-44916","1":"post","2":"type-post","3":"status-publish","4":"format-standard","5":"has-post-thumbnail","7":"category-serra-gaucha","8":"tag-homem","9":"tag-homicidio-2","10":"tag-ipe","11":"tag-suicidio"},"modified_by":null,"_links":{"self":[{"href":"https:\/\/radiosolaris.com.br\/beta\/wp-json\/wp\/v2\/posts\/44916","targetHints":{"allow":["GET"]}}],"collection":[{"href":"https:\/\/radiosolaris.com.br\/beta\/wp-json\/wp\/v2\/posts"}],"about":[{"href":"https:\/\/radiosolaris.com.br\/beta\/wp-json\/wp\/v2\/types\/post"}],"author":[{"embeddable":true,"href":"https:\/\/radiosolaris.com.br\/beta\/wp-json\/wp\/v2\/users\/1"}],"replies":[{"embeddable":true,"href":"https:\/\/radiosolaris.com.br\/beta\/wp-json\/wp\/v2\/comments?post=44916"}],"version-history":[{"count":0,"href":"https:\/\/radiosolaris.com.br\/beta\/wp-json\/wp\/v2\/posts\/44916\/revisions"}],"wp:featuredmedia":[{"embeddable":true,"href":"https:\/\/radiosolaris.com.br\/beta\/wp-json\/wp\/v2\/media\/44917"}],"wp:attachment":[{"href":"https:\/\/radiosolaris.com.br\/beta\/wp-json\/wp\/v2\/media?parent=44916"}],"wp:term":[{"taxonomy":"category","embeddable":true,"href":"https:\/\/radiosolaris.com.br\/beta\/wp-json\/wp\/v2\/categories?post=44916"},{"taxonomy":"post_tag","embeddable":true,"href":"https:\/\/radiosolaris.com.br\/beta\/wp-json\/wp\/v2\/tags?post=44916"},{"taxonomy":"powerkit_post_featured","embeddable":true,"href":"https:\/\/radiosolaris.com.br\/beta\/wp-json\/wp\/v2\/powerkit_post_featured?post=44916"}],"curies":[{"name":"wp","href":"https:\/\/api.w.org\/{rel}","templated":true}]}}