{"id":44748,"date":"2020-12-19T09:54:15","date_gmt":"2020-12-19T12:54:15","guid":{"rendered":"https:\/\/radiosolaris.com.br\/beta\/?p=44748"},"modified":"2022-12-19T14:58:47","modified_gmt":"2022-12-19T17:58:47","slug":"duas-pessoas-morrem-em-acidente-na-serra-das-antas-em-antonio-prado","status":"publish","type":"post","link":"https:\/\/radiosolaris.com.br\/beta\/duas-pessoas-morrem-em-acidente-na-serra-das-antas-em-antonio-prado\/","title":{"rendered":"Duas pessoas morrem em acidente na Serra das Antas, em Ant\u00f4nio Prado"},"content":{"rendered":"\n<h4 id=\"veiculo-prisma-colidiu-frontalmente-em-um-caminhao-condutor-e-caroneiro-morreram-no-local\" class=\"wp-block-heading\">Ve\u00edculo Prisma colidiu frontalmente em um caminh\u00e3o; condutor e caroneiro morreram no local<\/h4>\n\n\n\n<p>Dois homens morreram em um grave acidente envolvendo um caminh\u00e3o e um ve\u00edculo de passeio na manh\u00e3 deste s\u00e1bado (19). A colis\u00e3o ocorreu por volta das 6h, na ERS-122, pr\u00f3ximo ao km 116, na regi\u00e3o do Restaurante do Zeca, em Ant\u00f4nio Prado.&nbsp;<\/p>\n\n\n\n<p>De acordo com informa\u00e7\u00f5es apuradas pela reportagem no local, os mortos seriam o condutor e o caroneiro de um Prisma Vermelho, com placas de Caxias do Sul. Eles seguiam pela rodovia no sentido Ant\u00f4nio Prado\/Flores da Cunha, quando, por motivos desconhecidos, invadiram a pista contr\u00e1ria, colidindo frontalmente com o caminh\u00e3o tanque, emplacado em Vacaria. O caminhoneiro n\u00e3o ficou ferido.<\/p>\n\n\n\n<p>O Servi\u00e7o de Atendimento M\u00f3vel de Urg\u00eancia (Samu) e os Bombeiros Volunt\u00e1rios de Ant\u00f4nio Prado foram acionados para prestar socorro \u00e0s v\u00edtimas, por\u00e9m ambas morreram no local. A identidade dos homens ainda n\u00e3o foi divulgada. Os corpos foram retirados com o uso de desencarcerador e at\u00e9 \u00e0s 9h permaneciam no local aguardando a per\u00edcia.<\/p>\n\n\n\n<figure class=\"wp-block-gallery has-nested-images columns-1 is-cropped wp-block-gallery-1 is-layout-flex wp-block-gallery-is-layout-flex\">\n<figure class=\"wp-block-image size-large\"><a href=\"https:\/\/radiosolaris.com.br\/beta\/wp-content\/uploads\/2020\/12\/Duas-pessoas-morrem-em-acidente-na-Serra-das-Antas-em-Antonio-Prado-3.jpeg\"><img  loading=\"lazy\"  decoding=\"async\"  width=\"1160\"  height=\"522\"  data-id=\"44750\"  src=\"data:image\/png;base64,iVBORw0KGgoAAAANSUhEUgAAAAEAAAABAQMAAAAl21bKAAAAA1BMVEUAAP+KeNJXAAAAAXRSTlMAQObYZgAAAAlwSFlzAAAOxAAADsQBlSsOGwAAAApJREFUCNdjYAAAAAIAAeIhvDMAAAAASUVORK5CYII=\"  alt=\"\"  class=\"wp-image-44750 pk-lazyload\"  data-pk-sizes=\"auto\"  data-ls-sizes=\"auto, (max-width: 1160px) 100vw, 1160px\"  data-pk-src=\"https:\/\/radiosolaris.com.br\/beta\/wp-content\/uploads\/2020\/12\/Duas-pessoas-morrem-em-acidente-na-Serra-das-Antas-em-Antonio-Prado-3-1160x522.jpeg\"  data-pk-srcset=\"https:\/\/radiosolaris.com.br\/beta\/wp-content\/uploads\/2020\/12\/Duas-pessoas-morrem-em-acidente-na-Serra-das-Antas-em-Antonio-Prado-3-1160x522.jpeg 1160w, https:\/\/radiosolaris.com.br\/beta\/wp-content\/uploads\/2020\/12\/Duas-pessoas-morrem-em-acidente-na-Serra-das-Antas-em-Antonio-Prado-3-800x360.jpeg 800w, https:\/\/radiosolaris.com.br\/beta\/wp-content\/uploads\/2020\/12\/Duas-pessoas-morrem-em-acidente-na-Serra-das-Antas-em-Antonio-Prado-3-768x346.jpeg 768w, https:\/\/radiosolaris.com.br\/beta\/wp-content\/uploads\/2020\/12\/Duas-pessoas-morrem-em-acidente-na-Serra-das-Antas-em-Antonio-Prado-3.jpeg 1280w\" ><\/a><\/figure>\n\n\n\n<figure class=\"wp-block-image size-large\"><a href=\"https:\/\/radiosolaris.com.br\/beta\/wp-content\/uploads\/2020\/12\/Duas-pessoas-morrem-em-acidente-na-Serra-das-Antas-em-Antonio-Prado-2.jpeg\"><img  loading=\"lazy\"  decoding=\"async\"  width=\"1160\"  height=\"522\"  data-id=\"44749\"  src=\"data:image\/png;base64,iVBORw0KGgoAAAANSUhEUgAAAAEAAAABAQMAAAAl21bKAAAAA1BMVEUAAP+KeNJXAAAAAXRSTlMAQObYZgAAAAlwSFlzAAAOxAAADsQBlSsOGwAAAApJREFUCNdjYAAAAAIAAeIhvDMAAAAASUVORK5CYII=\"  alt=\"\"  class=\"wp-image-44749 pk-lazyload\"  data-pk-sizes=\"auto\"  data-ls-sizes=\"auto, (max-width: 1160px) 100vw, 1160px\"  data-pk-src=\"https:\/\/radiosolaris.com.br\/beta\/wp-content\/uploads\/2020\/12\/Duas-pessoas-morrem-em-acidente-na-Serra-das-Antas-em-Antonio-Prado-2-1160x522.jpeg\"  data-pk-srcset=\"https:\/\/radiosolaris.com.br\/beta\/wp-content\/uploads\/2020\/12\/Duas-pessoas-morrem-em-acidente-na-Serra-das-Antas-em-Antonio-Prado-2-1160x522.jpeg 1160w, https:\/\/radiosolaris.com.br\/beta\/wp-content\/uploads\/2020\/12\/Duas-pessoas-morrem-em-acidente-na-Serra-das-Antas-em-Antonio-Prado-2-800x360.jpeg 800w, https:\/\/radiosolaris.com.br\/beta\/wp-content\/uploads\/2020\/12\/Duas-pessoas-morrem-em-acidente-na-Serra-das-Antas-em-Antonio-Prado-2-120x54.jpeg 120w, https:\/\/radiosolaris.com.br\/beta\/wp-content\/uploads\/2020\/12\/Duas-pessoas-morrem-em-acidente-na-Serra-das-Antas-em-Antonio-Prado-2-90x41.jpeg 90w, https:\/\/radiosolaris.com.br\/beta\/wp-content\/uploads\/2020\/12\/Duas-pessoas-morrem-em-acidente-na-Serra-das-Antas-em-Antonio-Prado-2-320x144.jpeg 320w, https:\/\/radiosolaris.com.br\/beta\/wp-content\/uploads\/2020\/12\/Duas-pessoas-morrem-em-acidente-na-Serra-das-Antas-em-Antonio-Prado-2-560x252.jpeg 560w, https:\/\/radiosolaris.com.br\/beta\/wp-content\/uploads\/2020\/12\/Duas-pessoas-morrem-em-acidente-na-Serra-das-Antas-em-Antonio-Prado-2.jpeg 1280w\" ><\/a><\/figure>\n\n\n\n<figure class=\"wp-block-image size-large\"><a href=\"https:\/\/radiosolaris.com.br\/beta\/wp-content\/uploads\/2020\/12\/Duas-pessoas-morrem-em-acidente-na-Serra-das-Antas-em-Antonio-Prado-1.jpeg\"><img  loading=\"lazy\"  decoding=\"async\"  width=\"1160\"  height=\"522\"  data-id=\"44752\"  src=\"data:image\/png;base64,iVBORw0KGgoAAAANSUhEUgAAAAEAAAABAQMAAAAl21bKAAAAA1BMVEUAAP+KeNJXAAAAAXRSTlMAQObYZgAAAAlwSFlzAAAOxAAADsQBlSsOGwAAAApJREFUCNdjYAAAAAIAAeIhvDMAAAAASUVORK5CYII=\"  alt=\"\"  class=\"wp-image-44752 pk-lazyload\"  data-pk-sizes=\"auto\"  data-ls-sizes=\"auto, (max-width: 1160px) 100vw, 1160px\"  data-pk-src=\"https:\/\/radiosolaris.com.br\/beta\/wp-content\/uploads\/2020\/12\/Duas-pessoas-morrem-em-acidente-na-Serra-das-Antas-em-Antonio-Prado-1-1160x522.jpeg\"  data-pk-srcset=\"https:\/\/radiosolaris.com.br\/beta\/wp-content\/uploads\/2020\/12\/Duas-pessoas-morrem-em-acidente-na-Serra-das-Antas-em-Antonio-Prado-1-1160x522.jpeg 1160w, https:\/\/radiosolaris.com.br\/beta\/wp-content\/uploads\/2020\/12\/Duas-pessoas-morrem-em-acidente-na-Serra-das-Antas-em-Antonio-Prado-1-800x360.jpeg 800w, https:\/\/radiosolaris.com.br\/beta\/wp-content\/uploads\/2020\/12\/Duas-pessoas-morrem-em-acidente-na-Serra-das-Antas-em-Antonio-Prado-1-768x346.jpeg 768w, https:\/\/radiosolaris.com.br\/beta\/wp-content\/uploads\/2020\/12\/Duas-pessoas-morrem-em-acidente-na-Serra-das-Antas-em-Antonio-Prado-1.jpeg 1280w\" ><\/a><\/figure>\n\n\n\n<figure class=\"wp-block-image size-large\"><a href=\"https:\/\/radiosolaris.com.br\/beta\/wp-content\/uploads\/2020\/12\/Duas-pessoas-morrem-em-acidente-na-Serra-das-Antas-em-Antonio-Prado-4.jpeg\"><img  loading=\"lazy\"  decoding=\"async\"  width=\"1160\"  height=\"522\"  data-id=\"44751\"  src=\"data:image\/png;base64,iVBORw0KGgoAAAANSUhEUgAAAAEAAAABAQMAAAAl21bKAAAAA1BMVEUAAP+KeNJXAAAAAXRSTlMAQObYZgAAAAlwSFlzAAAOxAAADsQBlSsOGwAAAApJREFUCNdjYAAAAAIAAeIhvDMAAAAASUVORK5CYII=\"  alt=\"\"  class=\"wp-image-44751 pk-lazyload\"  data-pk-sizes=\"auto\"  data-ls-sizes=\"auto, (max-width: 1160px) 100vw, 1160px\"  data-pk-src=\"https:\/\/radiosolaris.com.br\/beta\/wp-content\/uploads\/2020\/12\/Duas-pessoas-morrem-em-acidente-na-Serra-das-Antas-em-Antonio-Prado-4-1160x522.jpeg\"  data-pk-srcset=\"https:\/\/radiosolaris.com.br\/beta\/wp-content\/uploads\/2020\/12\/Duas-pessoas-morrem-em-acidente-na-Serra-das-Antas-em-Antonio-Prado-4-1160x522.jpeg 1160w, https:\/\/radiosolaris.com.br\/beta\/wp-content\/uploads\/2020\/12\/Duas-pessoas-morrem-em-acidente-na-Serra-das-Antas-em-Antonio-Prado-4-800x360.jpeg 800w, https:\/\/radiosolaris.com.br\/beta\/wp-content\/uploads\/2020\/12\/Duas-pessoas-morrem-em-acidente-na-Serra-das-Antas-em-Antonio-Prado-4-768x346.jpeg 768w, https:\/\/radiosolaris.com.br\/beta\/wp-content\/uploads\/2020\/12\/Duas-pessoas-morrem-em-acidente-na-Serra-das-Antas-em-Antonio-Prado-4.jpeg 1280w\" ><\/a><\/figure>\n<figcaption class=\"blocks-gallery-caption wp-element-caption\">Fotos: Rubia Fochezatto\/ Grupo Solaris<\/figcaption><\/figure>\n","protected":false},"excerpt":{"rendered":"<p>Ve\u00edculo Prisma colidiu frontalmente em um caminh\u00e3o; condutor e caroneiro morreram no local Dois homens morreram em um grave acidente envolvendo um caminh\u00e3o e um ve\u00edculo de passeio na manh\u00e3&hellip;<\/p>\n","protected":false},"author":13,"featured_media":44749,"comment_status":"closed","ping_status":"closed","sticky":false,"template":"","format":"standard","meta":{"_lmt_disableupdate":"","_lmt_disable":"","footnotes":""},"categories":[83],"tags":[307,143,580,578,250,522,114,222,5599,283],"powerkit_post_featured":[],"class_list":{"0":"post-44748","1":"post","2":"type-post","3":"status-publish","4":"format-standard","5":"has-post-thumbnail","7":"category-serra-gaucha","8":"tag-acidente","9":"tag-antonio-prado","10":"tag-caminhao","11":"tag-colisao","12":"tag-condutores","13":"tag-ers-122-2","14":"tag-flores-da-cunha","15":"tag-morte","16":"tag-restaurante-do-zeca","17":"tag-serra-gaucha"},"modified_by":"Filipe Brogliatto","_links":{"self":[{"href":"https:\/\/radiosolaris.com.br\/beta\/wp-json\/wp\/v2\/posts\/44748","targetHints":{"allow":["GET"]}}],"collection":[{"href":"https:\/\/radiosolaris.com.br\/beta\/wp-json\/wp\/v2\/posts"}],"about":[{"href":"https:\/\/radiosolaris.com.br\/beta\/wp-json\/wp\/v2\/types\/post"}],"author":[{"embeddable":true,"href":"https:\/\/radiosolaris.com.br\/beta\/wp-json\/wp\/v2\/users\/13"}],"replies":[{"embeddable":true,"href":"https:\/\/radiosolaris.com.br\/beta\/wp-json\/wp\/v2\/comments?post=44748"}],"version-history":[{"count":1,"href":"https:\/\/radiosolaris.com.br\/beta\/wp-json\/wp\/v2\/posts\/44748\/revisions"}],"predecessor-version":[{"id":101692,"href":"https:\/\/radiosolaris.com.br\/beta\/wp-json\/wp\/v2\/posts\/44748\/revisions\/101692"}],"wp:featuredmedia":[{"embeddable":true,"href":"https:\/\/radiosolaris.com.br\/beta\/wp-json\/wp\/v2\/media\/44749"}],"wp:attachment":[{"href":"https:\/\/radiosolaris.com.br\/beta\/wp-json\/wp\/v2\/media?parent=44748"}],"wp:term":[{"taxonomy":"category","embeddable":true,"href":"https:\/\/radiosolaris.com.br\/beta\/wp-json\/wp\/v2\/categories?post=44748"},{"taxonomy":"post_tag","embeddable":true,"href":"https:\/\/radiosolaris.com.br\/beta\/wp-json\/wp\/v2\/tags?post=44748"},{"taxonomy":"powerkit_post_featured","embeddable":true,"href":"https:\/\/radiosolaris.com.br\/beta\/wp-json\/wp\/v2\/powerkit_post_featured?post=44748"}],"curies":[{"name":"wp","href":"https:\/\/api.w.org\/{rel}","templated":true}]}}