{"id":44494,"date":"2020-12-16T14:16:34","date_gmt":"2020-12-16T17:16:34","guid":{"rendered":"https:\/\/radiosolaris.com.br\/beta\/?p=44494"},"modified":"2020-12-16T14:16:39","modified_gmt":"2020-12-16T17:16:39","slug":"prefeitura-de-nova-padua-abre-inscricoes-para-processo-seletivo-de-medicos","status":"publish","type":"post","link":"https:\/\/radiosolaris.com.br\/beta\/prefeitura-de-nova-padua-abre-inscricoes-para-processo-seletivo-de-medicos\/","title":{"rendered":"Prefeitura de Nova P\u00e1dua abre inscri\u00e7\u00f5es para processo seletivo de m\u00e9dicos"},"content":{"rendered":"\n<h4 id=\"as-vagas-sao-para-clinico-geral-e-ginecologista-e-as-contratacoes-sao-imediatas\" class=\"wp-block-heading\">As vagas s\u00e3o para cl\u00ednico geral e ginecologista e as contrata\u00e7\u00f5es s\u00e3o imediatas<\/h4>\n\n\n\n<p>A Prefeitura de Nova P\u00e1dua abriu nesta quarta-feira (16), as inscri\u00e7\u00f5es do processo seletivo para contrata\u00e7\u00e3o de m\u00e9dico ginecologista e cl\u00ednico geral. As vagas visam suprir a car\u00eancia das fun\u00e7\u00f5es no munic\u00edpio, e as contrata\u00e7\u00f5es para as fun\u00e7\u00f5es s\u00e3o imediatas.&nbsp;<\/p>\n\n\n\n<p>Os candidatos podem se inscrever exclusivamente, at\u00e9 \u00e0s 17h do dia 30 de dezembro, pela Comiss\u00e3o designada e junto ao protocolo geral da prefeitura, situado na Avenida dos Imigrantes, n\u00b0 1000.\u00a0\u00a0<\/p>\n\n\n\n<p><strong>Vagas para processo seletivo:<\/strong><br>01 M\u00e9dico cl\u00ednico geral: 20 horas semanais R$ 7.586,47 &#8211; Ensino Superior e Registro no Conselho da Categoria<\/p>\n\n\n\n<p>01 M\u00e9dico ginecologista: 08 horas semanais R$ 3.034,59 Ensino Superior e Registro no Conselho da Categoria<\/p>\n\n\n\n<p>Voc\u00ea pode visualizar o edital completo <a href=\"https:\/\/www.novapadua.rs.gov.br\/portal.php?pagina=portal_concursos&amp;modalidade=2\" data-type=\"URL\" data-id=\"https:\/\/www.novapadua.rs.gov.br\/portal.php?pagina=portal_concursos&amp;modalidade=2\">aqui<\/a><\/p>\n\n\n\n<figure class=\"wp-block-gallery columns-1 is-cropped wp-block-gallery-1 is-layout-flex wp-block-gallery-is-layout-flex\"><ul class=\"blocks-gallery-grid\"><li class=\"blocks-gallery-item\"><figure><a href=\"https:\/\/radiosolaris.com.br\/beta\/wp-content\/uploads\/2020\/12\/me\u0301dico1.jpg\"><img  loading=\"lazy\"  decoding=\"async\"  width=\"1023\"  height=\"573\"  src=\"data:image\/png;base64,iVBORw0KGgoAAAANSUhEUgAAAAEAAAABAQMAAAAl21bKAAAAA1BMVEUAAP+KeNJXAAAAAXRSTlMAQObYZgAAAAlwSFlzAAAOxAAADsQBlSsOGwAAAApJREFUCNdjYAAAAAIAAeIhvDMAAAAASUVORK5CYII=\"  alt=\"\"  data-id=\"44496\"  data-full-url=\"https:\/\/radiosolaris.com.br\/beta\/wp-content\/uploads\/2020\/12\/me\u0301dico1.jpg\"  data-link=\"https:\/\/radiosolaris.com.br\/beta\/?attachment_id=44496\"  class=\"wp-image-44496 pk-lazyload\"  data-pk-sizes=\"auto\"  data-ls-sizes=\"auto, (max-width: 1023px) 100vw, 1023px\"  data-pk-src=\"https:\/\/radiosolaris.com.br\/beta\/wp-content\/uploads\/2020\/12\/me\u0301dico1.jpg\"  data-pk-srcset=\"https:\/\/radiosolaris.com.br\/beta\/wp-content\/uploads\/2020\/12\/me\u0301dico1.jpg 1023w, https:\/\/radiosolaris.com.br\/beta\/wp-content\/uploads\/2020\/12\/me\u0301dico1-800x448.jpg 800w, https:\/\/radiosolaris.com.br\/beta\/wp-content\/uploads\/2020\/12\/me\u0301dico1-120x67.jpg 120w, https:\/\/radiosolaris.com.br\/beta\/wp-content\/uploads\/2020\/12\/me\u0301dico1-90x50.jpg 90w, https:\/\/radiosolaris.com.br\/beta\/wp-content\/uploads\/2020\/12\/me\u0301dico1-320x179.jpg 320w, https:\/\/radiosolaris.com.br\/beta\/wp-content\/uploads\/2020\/12\/me\u0301dico1-560x314.jpg 560w\" ><\/a><figcaption class=\"blocks-gallery-item__caption\">Foto: Divulga\u00e7\u00e3o<\/figcaption><\/figure><\/li><\/ul><\/figure>\n","protected":false},"excerpt":{"rendered":"<p>As vagas s\u00e3o para cl\u00ednico geral e ginecologista e as contrata\u00e7\u00f5es s\u00e3o imediatas A Prefeitura de Nova P\u00e1dua abriu nesta quarta-feira (16), as inscri\u00e7\u00f5es do processo seletivo para contrata\u00e7\u00e3o de&hellip;<\/p>\n","protected":false},"author":16,"featured_media":44496,"comment_status":"closed","ping_status":"closed","sticky":false,"template":"","format":"standard","meta":{"_lmt_disableupdate":"","_lmt_disable":"","footnotes":""},"categories":[83],"tags":[3242,167,5241,395],"powerkit_post_featured":[],"class_list":{"0":"post-44494","1":"post","2":"type-post","3":"status-publish","4":"format-standard","5":"has-post-thumbnail","7":"category-serra-gaucha","8":"tag-medico-2","9":"tag-nova-padua","10":"tag-prefeitura-de-nova-padua","11":"tag-processo-seletivo"},"modified_by":"Bruna Picinini","_links":{"self":[{"href":"https:\/\/radiosolaris.com.br\/beta\/wp-json\/wp\/v2\/posts\/44494","targetHints":{"allow":["GET"]}}],"collection":[{"href":"https:\/\/radiosolaris.com.br\/beta\/wp-json\/wp\/v2\/posts"}],"about":[{"href":"https:\/\/radiosolaris.com.br\/beta\/wp-json\/wp\/v2\/types\/post"}],"author":[{"embeddable":true,"href":"https:\/\/radiosolaris.com.br\/beta\/wp-json\/wp\/v2\/users\/16"}],"replies":[{"embeddable":true,"href":"https:\/\/radiosolaris.com.br\/beta\/wp-json\/wp\/v2\/comments?post=44494"}],"version-history":[{"count":0,"href":"https:\/\/radiosolaris.com.br\/beta\/wp-json\/wp\/v2\/posts\/44494\/revisions"}],"wp:featuredmedia":[{"embeddable":true,"href":"https:\/\/radiosolaris.com.br\/beta\/wp-json\/wp\/v2\/media\/44496"}],"wp:attachment":[{"href":"https:\/\/radiosolaris.com.br\/beta\/wp-json\/wp\/v2\/media?parent=44494"}],"wp:term":[{"taxonomy":"category","embeddable":true,"href":"https:\/\/radiosolaris.com.br\/beta\/wp-json\/wp\/v2\/categories?post=44494"},{"taxonomy":"post_tag","embeddable":true,"href":"https:\/\/radiosolaris.com.br\/beta\/wp-json\/wp\/v2\/tags?post=44494"},{"taxonomy":"powerkit_post_featured","embeddable":true,"href":"https:\/\/radiosolaris.com.br\/beta\/wp-json\/wp\/v2\/powerkit_post_featured?post=44494"}],"curies":[{"name":"wp","href":"https:\/\/api.w.org\/{rel}","templated":true}]}}