{"id":43531,"date":"2020-11-30T14:17:15","date_gmt":"2020-11-30T17:17:15","guid":{"rendered":"https:\/\/radiosolaris.com.br\/beta\/?p=43531"},"modified":"2020-11-30T14:17:18","modified_gmt":"2020-11-30T17:17:18","slug":"inaugurado-o-trecho-de-asfalto-na-linha-general-osorio-em-nova-prata","status":"publish","type":"post","link":"https:\/\/radiosolaris.com.br\/beta\/inaugurado-o-trecho-de-asfalto-na-linha-general-osorio-em-nova-prata\/","title":{"rendered":"Inaugurado o trecho de asfalto na Linha General Os\u00f3rio em Nova Prata"},"content":{"rendered":"\n<h4 id=\"a-ers-441-que-liga-o-municipio-a-vista-alegre-do-prata\" class=\"wp-block-heading\">A ERS 441 que liga o munic\u00edpio a Vista Alegre do Prata<\/h4>\n\n\n\n<p>Nova Prata &#8211;&nbsp; A Associa\u00e7\u00e3o de Moradores da Linha General Os\u00f3rio, de Nova Prata, promoveu na \u00faltima quinta-feira (26), a inaugura\u00e7\u00e3o da pavimenta\u00e7\u00e3o no trecho de 4,2 quil\u00f4metros na antiga ERS 441 em dire\u00e7\u00e3o a Vista Alegre do Prata.&nbsp; Participaram o prefeito Volnei Minozzo, o vice-prefeito Sergio Sottili, secret\u00e1rios municipais, vereadores, integrantes da Associa\u00e7\u00e3o e moradores.<\/p>\n\n\n\n<p>A ERS 441 que liga o munic\u00edpio a Vista Alegre do Prata foi municipalizada pela atual administra\u00e7\u00e3o de Nova Prata que demonstrou coragem para encarar um projeto de mais de 50 anos, normalmente lembrado somente nas campanhas pol\u00edticas quando de responsabilidade do Estado.<\/p>\n\n\n\n<p>Os investimentos na obra originaram-se de emenda parlamentar de Ronaldo Nogueira (PTB) ao or\u00e7amento da Uni\u00e3o, do or\u00e7amento municipal e dos moradores lindeiros. O montante investido ultrapassa R$ 1 milh\u00e3o. &nbsp;&nbsp;<\/p>\n\n\n\n<p>Para a sequ\u00eancia da pavimenta\u00e7\u00e3o at\u00e9 a divisa com Vista Alegre do Prata j\u00e1 est\u00e3o destinadas mais duas emendas parlamentares, de R$ 500 mil, de Covatti Filho (PP) e Heitor Schuch (PSB) que garantir\u00e3o o asfaltamento de praticamente 50% do trecho que \u00e9 de, aproximadamente, mais quatro quil\u00f4metros. O valor da emenda de Shuch, R$ 250 mil, j\u00e1 est\u00e1 nos cofres da Prefeitura.<\/p>\n\n\n\n<figure class=\"wp-block-gallery columns-2 is-cropped wp-block-gallery-1 is-layout-flex wp-block-gallery-is-layout-flex\"><ul class=\"blocks-gallery-grid\"><li class=\"blocks-gallery-item\"><figure><a href=\"https:\/\/radiosolaris.com.br\/beta\/wp-content\/uploads\/2020\/11\/Asfalto-Linha-General-Osorio-1-Foto-Everson-Marca.jpeg\"><img  decoding=\"async\"  src=\"data:image\/png;base64,iVBORw0KGgoAAAANSUhEUgAAAAEAAAABAQMAAAAl21bKAAAAA1BMVEUAAP+KeNJXAAAAAXRSTlMAQObYZgAAAAlwSFlzAAAOxAAADsQBlSsOGwAAAApJREFUCNdjYAAAAAIAAeIhvDMAAAAASUVORK5CYII=\"  alt=\"\"  data-id=\"43532\"  data-full-url=\"https:\/\/radiosolaris.com.br\/beta\/wp-content\/uploads\/2020\/11\/Asfalto-Linha-General-Osorio-1-Foto-Everson-Marca.jpeg\"  data-link=\"https:\/\/radiosolaris.com.br\/beta\/?attachment_id=43532\"  class=\"wp-image-43532 pk-lazyload\"  data-pk-sizes=\"auto\"  data-pk-src=\"https:\/\/radiosolaris.com.br\/beta\/wp-content\/uploads\/2020\/11\/Asfalto-Linha-General-Osorio-1-Foto-Everson-Marca-1024x768.jpeg\" ><\/a><\/figure><\/li><li class=\"blocks-gallery-item\"><figure><a href=\"https:\/\/radiosolaris.com.br\/beta\/wp-content\/uploads\/2020\/11\/Asfalto-Linha-General-Osorio-2-Foto-Darli-Golembieski.jpeg\"><img  decoding=\"async\"  src=\"data:image\/png;base64,iVBORw0KGgoAAAANSUhEUgAAAAEAAAABAQMAAAAl21bKAAAAA1BMVEUAAP+KeNJXAAAAAXRSTlMAQObYZgAAAAlwSFlzAAAOxAAADsQBlSsOGwAAAApJREFUCNdjYAAAAAIAAeIhvDMAAAAASUVORK5CYII=\"  alt=\"\"  data-id=\"43533\"  data-full-url=\"https:\/\/radiosolaris.com.br\/beta\/wp-content\/uploads\/2020\/11\/Asfalto-Linha-General-Osorio-2-Foto-Darli-Golembieski.jpeg\"  data-link=\"https:\/\/radiosolaris.com.br\/beta\/?attachment_id=43533\"  class=\"wp-image-43533 pk-lazyload\"  data-pk-sizes=\"auto\"  data-pk-src=\"https:\/\/radiosolaris.com.br\/beta\/wp-content\/uploads\/2020\/11\/Asfalto-Linha-General-Osorio-2-Foto-Darli-Golembieski-1024x768.jpeg\" ><\/a><\/figure><\/li><\/ul><\/figure>\n\n\n\n<p>Fotos\/Everson Marca e Darli Golembieski<\/p>\n\n\n\n<p>CONECTA+ COMUNICA\u00c7\u00c3O<\/p>\n\n\n\n<p>Imprensa Oficial dos Munic\u00edpios de Nova Prata e Prot\u00e1sio Alves<\/p>\n","protected":false},"excerpt":{"rendered":"<p>A ERS 441 que liga o munic\u00edpio a Vista Alegre do Prata Nova Prata &#8211;&nbsp; A Associa\u00e7\u00e3o de Moradores da Linha General Os\u00f3rio, de Nova Prata, promoveu na \u00faltima quinta-feira&hellip;<\/p>\n","protected":false},"author":1,"featured_media":43533,"comment_status":"closed","ping_status":"closed","sticky":false,"template":"","format":"standard","meta":{"_lmt_disableupdate":"","_lmt_disable":"","footnotes":""},"categories":[83],"tags":[1827,244,867,5429],"powerkit_post_featured":[],"class_list":{"0":"post-43531","1":"post","2":"type-post","3":"status-publish","4":"format-standard","5":"has-post-thumbnail","7":"category-serra-gaucha","8":"tag-asfalto","9":"tag-inauguracao","10":"tag-nova-prata","11":"tag-vista-alegre-do-prata"},"modified_by":null,"_links":{"self":[{"href":"https:\/\/radiosolaris.com.br\/beta\/wp-json\/wp\/v2\/posts\/43531","targetHints":{"allow":["GET"]}}],"collection":[{"href":"https:\/\/radiosolaris.com.br\/beta\/wp-json\/wp\/v2\/posts"}],"about":[{"href":"https:\/\/radiosolaris.com.br\/beta\/wp-json\/wp\/v2\/types\/post"}],"author":[{"embeddable":true,"href":"https:\/\/radiosolaris.com.br\/beta\/wp-json\/wp\/v2\/users\/1"}],"replies":[{"embeddable":true,"href":"https:\/\/radiosolaris.com.br\/beta\/wp-json\/wp\/v2\/comments?post=43531"}],"version-history":[{"count":0,"href":"https:\/\/radiosolaris.com.br\/beta\/wp-json\/wp\/v2\/posts\/43531\/revisions"}],"wp:featuredmedia":[{"embeddable":true,"href":"https:\/\/radiosolaris.com.br\/beta\/wp-json\/wp\/v2\/media\/43533"}],"wp:attachment":[{"href":"https:\/\/radiosolaris.com.br\/beta\/wp-json\/wp\/v2\/media?parent=43531"}],"wp:term":[{"taxonomy":"category","embeddable":true,"href":"https:\/\/radiosolaris.com.br\/beta\/wp-json\/wp\/v2\/categories?post=43531"},{"taxonomy":"post_tag","embeddable":true,"href":"https:\/\/radiosolaris.com.br\/beta\/wp-json\/wp\/v2\/tags?post=43531"},{"taxonomy":"powerkit_post_featured","embeddable":true,"href":"https:\/\/radiosolaris.com.br\/beta\/wp-json\/wp\/v2\/powerkit_post_featured?post=43531"}],"curies":[{"name":"wp","href":"https:\/\/api.w.org\/{rel}","templated":true}]}}