{"id":43306,"date":"2020-11-26T16:05:01","date_gmt":"2020-11-26T19:05:01","guid":{"rendered":"https:\/\/radiosolaris.com.br\/beta\/?p=43306"},"modified":"2020-11-26T16:05:04","modified_gmt":"2020-11-26T19:05:04","slug":"acidente-envolve-dois-veiculos-na-rs-122-em-ipe","status":"publish","type":"post","link":"https:\/\/radiosolaris.com.br\/beta\/acidente-envolve-dois-veiculos-na-rs-122-em-ipe\/","title":{"rendered":"Acidente envolve dois ve\u00edculos na RS-122 em Ip\u00ea"},"content":{"rendered":"\n<h4 id=\"fato-ocorreu-as-14h40min-desta-quinta-feira-26\" class=\"wp-block-heading\">Fato ocorreu \u00e0s 14h40min desta quinta-feira (26)<\/h4>\n\n\n\n<p>Na tarde desta quinta-feira (26), \u00e0s 14h40min, um acidente entre dois ve\u00edculos foi registrado na RS-122 em Ip\u00ea, nas proximidades do quil\u00f4metro 149. Se envolveram uma Fiat Strada e uma Parati, ambos os ve\u00edculos com placas de Ip\u00ea.<\/p>\n\n\n\n<p>Conforme informa\u00e7\u00f5es passadas pela Brigada Militar, ambos trafegavam no mesmo sentido, Ip\u00ea\/Vacaria, quando um dos ve\u00edculos buscou realizar uma manobra de entrada em uma propriedade que h\u00e1 no local. Nesse momento, houve o choque da Fiat Strada com a Parati.<\/p>\n\n\n\n<p>O Corpo de Bombeiros Volunt\u00e1rios de Ant\u00f4nio Prado atendeu a ocorr\u00eancia, sendo que ambos os motoristas foram encaminhados ao Hospital S\u00e3o Jos\u00e9 para atendimento.<\/p>\n\n\n\n<p>O condutor da Fiat Strada possui 60 anos, j\u00e1 o motorista da Parati, 45. Informa\u00e7\u00f5es sobre o estado de sa\u00fade n\u00e3o s\u00e3o repassadas pelo hospital, mas conforme os bombeiros, nenhum estava em estado grave.<\/p>\n\n\n\n<figure class=\"wp-block-gallery columns-3 is-cropped wp-block-gallery-1 is-layout-flex wp-block-gallery-is-layout-flex\"><ul class=\"blocks-gallery-grid\"><li class=\"blocks-gallery-item\"><figure><a href=\"https:\/\/radiosolaris.com.br\/beta\/wp-content\/uploads\/2020\/11\/IMG_20201126_151637191_HDR-scaled.jpg\"><img  decoding=\"async\"  src=\"data:image\/png;base64,iVBORw0KGgoAAAANSUhEUgAAAAEAAAABAQMAAAAl21bKAAAAA1BMVEUAAP+KeNJXAAAAAXRSTlMAQObYZgAAAAlwSFlzAAAOxAAADsQBlSsOGwAAAApJREFUCNdjYAAAAAIAAeIhvDMAAAAASUVORK5CYII=\"  alt=\"\"  data-id=\"43307\"  data-full-url=\"https:\/\/radiosolaris.com.br\/beta\/wp-content\/uploads\/2020\/11\/IMG_20201126_151637191_HDR-scaled.jpg\"  data-link=\"https:\/\/radiosolaris.com.br\/beta\/?attachment_id=43307\"  class=\"wp-image-43307 pk-lazyload\"  data-pk-sizes=\"auto\"  data-pk-src=\"https:\/\/radiosolaris.com.br\/beta\/wp-content\/uploads\/2020\/11\/IMG_20201126_151637191_HDR-1024x768.jpg\" ><\/a><figcaption class=\"blocks-gallery-item__caption\">Fonte: Grupo Solaris &#8211; Rep\u00f3rteres Ronei Marc\u00edlio e Luiz Augusto Filipini<\/figcaption><\/figure><\/li><li class=\"blocks-gallery-item\"><figure><a href=\"https:\/\/radiosolaris.com.br\/beta\/wp-content\/uploads\/2020\/11\/IMG_20201126_151732716-scaled.jpg\"><img  decoding=\"async\"  src=\"data:image\/png;base64,iVBORw0KGgoAAAANSUhEUgAAAAEAAAABAQMAAAAl21bKAAAAA1BMVEUAAP+KeNJXAAAAAXRSTlMAQObYZgAAAAlwSFlzAAAOxAAADsQBlSsOGwAAAApJREFUCNdjYAAAAAIAAeIhvDMAAAAASUVORK5CYII=\"  alt=\"\"  data-id=\"43308\"  data-full-url=\"https:\/\/radiosolaris.com.br\/beta\/wp-content\/uploads\/2020\/11\/IMG_20201126_151732716-scaled.jpg\"  data-link=\"https:\/\/radiosolaris.com.br\/beta\/?attachment_id=43308\"  class=\"wp-image-43308 pk-lazyload\"  data-pk-sizes=\"auto\"  data-pk-src=\"https:\/\/radiosolaris.com.br\/beta\/wp-content\/uploads\/2020\/11\/IMG_20201126_151732716-1024x768.jpg\" ><\/a><figcaption class=\"blocks-gallery-item__caption\">Fonte: Grupo Solaris &#8211; Rep\u00f3rteres Ronei Marc\u00edlio e Luiz Augusto Filipini<\/figcaption><\/figure><\/li><li class=\"blocks-gallery-item\"><figure><a href=\"https:\/\/radiosolaris.com.br\/beta\/wp-content\/uploads\/2020\/11\/IMG_20201126_151642380_HDR-scaled.jpg\"><img  decoding=\"async\"  src=\"data:image\/png;base64,iVBORw0KGgoAAAANSUhEUgAAAAEAAAABAQMAAAAl21bKAAAAA1BMVEUAAP+KeNJXAAAAAXRSTlMAQObYZgAAAAlwSFlzAAAOxAAADsQBlSsOGwAAAApJREFUCNdjYAAAAAIAAeIhvDMAAAAASUVORK5CYII=\"  alt=\"\"  data-id=\"43309\"  data-full-url=\"https:\/\/radiosolaris.com.br\/beta\/wp-content\/uploads\/2020\/11\/IMG_20201126_151642380_HDR-scaled.jpg\"  data-link=\"https:\/\/radiosolaris.com.br\/beta\/?attachment_id=43309\"  class=\"wp-image-43309 pk-lazyload\"  data-pk-sizes=\"auto\"  data-pk-src=\"https:\/\/radiosolaris.com.br\/beta\/wp-content\/uploads\/2020\/11\/IMG_20201126_151642380_HDR-1024x768.jpg\" ><\/a><figcaption class=\"blocks-gallery-item__caption\">Fonte: Grupo Solaris &#8211; Rep\u00f3rteres Ronei Marc\u00edlio e Luiz Augusto Filipini<\/figcaption><\/figure><\/li><li class=\"blocks-gallery-item\"><figure><a href=\"https:\/\/radiosolaris.com.br\/beta\/wp-content\/uploads\/2020\/11\/IMG_20201126_151724729_HDR-scaled.jpg\"><img  decoding=\"async\"  src=\"data:image\/png;base64,iVBORw0KGgoAAAANSUhEUgAAAAEAAAABAQMAAAAl21bKAAAAA1BMVEUAAP+KeNJXAAAAAXRSTlMAQObYZgAAAAlwSFlzAAAOxAAADsQBlSsOGwAAAApJREFUCNdjYAAAAAIAAeIhvDMAAAAASUVORK5CYII=\"  alt=\"\"  data-id=\"43310\"  data-full-url=\"https:\/\/radiosolaris.com.br\/beta\/wp-content\/uploads\/2020\/11\/IMG_20201126_151724729_HDR-scaled.jpg\"  data-link=\"https:\/\/radiosolaris.com.br\/beta\/?attachment_id=43310\"  class=\"wp-image-43310 pk-lazyload\"  data-pk-sizes=\"auto\"  data-pk-src=\"https:\/\/radiosolaris.com.br\/beta\/wp-content\/uploads\/2020\/11\/IMG_20201126_151724729_HDR-1024x768.jpg\" ><\/a><figcaption class=\"blocks-gallery-item__caption\">Fonte: Grupo Solaris &#8211; Rep\u00f3rteres Ronei Marc\u00edlio e Luiz Augusto Filipini<\/figcaption><\/figure><\/li><\/ul><\/figure>\n\n\n\n<p><\/p>\n\n\n\n<p>Fonte: Grupo Solaris &#8211; Rep\u00f3rteres Ronei Marc\u00edlio e Luiz Augusto Filipini<\/p>\n","protected":false},"excerpt":{"rendered":"<p>Fato ocorreu \u00e0s 14h40min desta quinta-feira (26) Na tarde desta quinta-feira (26), \u00e0s 14h40min, um acidente entre dois ve\u00edculos foi registrado na RS-122 em Ip\u00ea, nas proximidades do quil\u00f4metro 149.&hellip;<\/p>\n","protected":false},"author":1,"featured_media":43310,"comment_status":"closed","ping_status":"closed","sticky":false,"template":"","format":"standard","meta":{"_lmt_disableupdate":"","_lmt_disable":"","footnotes":""},"categories":[83],"tags":[307,578,116,4752,393],"powerkit_post_featured":[],"class_list":{"0":"post-43306","1":"post","2":"type-post","3":"status-publish","4":"format-standard","5":"has-post-thumbnail","7":"category-serra-gaucha","8":"tag-acidente","9":"tag-colisao","10":"tag-ipe","11":"tag-rs-122","12":"tag-veiculos"},"modified_by":null,"_links":{"self":[{"href":"https:\/\/radiosolaris.com.br\/beta\/wp-json\/wp\/v2\/posts\/43306","targetHints":{"allow":["GET"]}}],"collection":[{"href":"https:\/\/radiosolaris.com.br\/beta\/wp-json\/wp\/v2\/posts"}],"about":[{"href":"https:\/\/radiosolaris.com.br\/beta\/wp-json\/wp\/v2\/types\/post"}],"author":[{"embeddable":true,"href":"https:\/\/radiosolaris.com.br\/beta\/wp-json\/wp\/v2\/users\/1"}],"replies":[{"embeddable":true,"href":"https:\/\/radiosolaris.com.br\/beta\/wp-json\/wp\/v2\/comments?post=43306"}],"version-history":[{"count":0,"href":"https:\/\/radiosolaris.com.br\/beta\/wp-json\/wp\/v2\/posts\/43306\/revisions"}],"wp:featuredmedia":[{"embeddable":true,"href":"https:\/\/radiosolaris.com.br\/beta\/wp-json\/wp\/v2\/media\/43310"}],"wp:attachment":[{"href":"https:\/\/radiosolaris.com.br\/beta\/wp-json\/wp\/v2\/media?parent=43306"}],"wp:term":[{"taxonomy":"category","embeddable":true,"href":"https:\/\/radiosolaris.com.br\/beta\/wp-json\/wp\/v2\/categories?post=43306"},{"taxonomy":"post_tag","embeddable":true,"href":"https:\/\/radiosolaris.com.br\/beta\/wp-json\/wp\/v2\/tags?post=43306"},{"taxonomy":"powerkit_post_featured","embeddable":true,"href":"https:\/\/radiosolaris.com.br\/beta\/wp-json\/wp\/v2\/powerkit_post_featured?post=43306"}],"curies":[{"name":"wp","href":"https:\/\/api.w.org\/{rel}","templated":true}]}}