{"id":43150,"date":"2020-11-24T09:56:21","date_gmt":"2020-11-24T12:56:21","guid":{"rendered":"https:\/\/radiosolaris.com.br\/beta\/?p=43150"},"modified":"2020-11-24T09:56:22","modified_gmt":"2020-11-24T12:56:22","slug":"osmar-terra-esta-internado-por-covid-19","status":"publish","type":"post","link":"https:\/\/radiosolaris.com.br\/beta\/osmar-terra-esta-internado-por-covid-19\/","title":{"rendered":"Osmar Terra est\u00e1 internado por Covid-19"},"content":{"rendered":"\n<h4 id=\"deputado-federal-esta-na-unidade-de-tratamento-intensivo-do-hospital-uti-sao-lucas-da-pucrs\" class=\"wp-block-heading\">Deputado federal est\u00e1 na Unidade de Tratamento Intensivo do Hospital (UTI) S\u00e3o Lucas da PUCRS<\/h4>\n\n\n\n<p>O deputado federal Osmar Terra (MDB), est\u00e1 internado no Hospital S\u00e3o Lucas da Pontif\u00edcia Universidade Cat\u00f3lica do Rio Grande do Sul (PUCRS), dez dias ap\u00f3s ter sido diagnosticado com Covid-19.<\/p>\n\n\n\n<p>Terra deu entrada na institui\u00e7\u00e3o de sa\u00fade no \u00faltimo domingo (22), ap\u00f3s sentir dificuldades para respirar. O deputado foi submetido a uma tomografia que relevou inflama\u00e7\u00e3o nos pulm\u00f5es e, ap\u00f3s ser consultado pelos m\u00e9dicos do hospital, concordou em permanecer internado na UTI, sob cuidados mais intensos.<\/p>\n\n\n\n<p>M\u00e9dico formado pela Universidade Federal do Rio de Janeiro, Osmar Terra havia anunciado no dia 13 de novembro que testara positivo para a Covid-19. Na data, divulgou em suas redes sociais que \u201cj\u00e1 iniciei tratamento precoce com hidroxicloroquina e ivermectina. Comecei o isolamento em casa e cumprirei minha agenda de forma remota nos pr\u00f3ximos dias, seguindo instru\u00e7\u00f5es m\u00e9dicas\u201d.<\/p>\n\n\n\n<p>Ap\u00f3s ser internado no domingo, Terra fez um novo pronunciamento nas redes sociais dizendo que \u201cestou fazendo exames de avalia\u00e7\u00e3o e fisioterapia complementar no tratamento da Covid no hospital da PUC-RS, visando acelerar a volta ao trabalho o mais r\u00e1pido poss\u00edvel\u201d.<\/p>\n\n\n\n<p>Conforme informa\u00e7\u00f5es do hospital, n\u00e3o h\u00e1 previs\u00e3o de alta.<\/p>\n\n\n\n<div class=\"wp-block-image\"><figure class=\"aligncenter size-large is-resized\"><img  loading=\"lazy\"  decoding=\"async\"  src=\"data:image\/png;base64,iVBORw0KGgoAAAANSUhEUgAAAAEAAAABAQMAAAAl21bKAAAAA1BMVEUAAP+KeNJXAAAAAXRSTlMAQObYZgAAAAlwSFlzAAAOxAAADsQBlSsOGwAAAApJREFUCNdjYAAAAAIAAeIhvDMAAAAASUVORK5CYII=\"  alt=\"\"  class=\"wp-image-43151 pk-lazyload\"  width=\"467\"  height=\"291\"  data-pk-sizes=\"auto\"  data-ls-sizes=\"auto, (max-width: 467px) 100vw, 467px\"  data-pk-src=\"https:\/\/radiosolaris.com.br\/beta\/wp-content\/uploads\/2020\/11\/OSMAR-TERRA.jpg\"  data-pk-srcset=\"https:\/\/radiosolaris.com.br\/beta\/wp-content\/uploads\/2020\/11\/OSMAR-TERRA.jpg 652w, https:\/\/radiosolaris.com.br\/beta\/wp-content\/uploads\/2020\/11\/OSMAR-TERRA-120x75.jpg 120w, https:\/\/radiosolaris.com.br\/beta\/wp-content\/uploads\/2020\/11\/OSMAR-TERRA-90x56.jpg 90w, https:\/\/radiosolaris.com.br\/beta\/wp-content\/uploads\/2020\/11\/OSMAR-TERRA-320x200.jpg 320w, https:\/\/radiosolaris.com.br\/beta\/wp-content\/uploads\/2020\/11\/OSMAR-TERRA-560x350.jpg 560w, https:\/\/radiosolaris.com.br\/beta\/wp-content\/uploads\/2020\/11\/OSMAR-TERRA-240x150.jpg 240w, https:\/\/radiosolaris.com.br\/beta\/wp-content\/uploads\/2020\/11\/OSMAR-TERRA-180x113.jpg 180w, https:\/\/radiosolaris.com.br\/beta\/wp-content\/uploads\/2020\/11\/OSMAR-TERRA-640x400.jpg 640w\" ><\/figure><\/div>\n\n\n\n<p>Fonte: Grupo Solaris<\/p>\n","protected":false},"excerpt":{"rendered":"<p>Deputado federal est\u00e1 na Unidade de Tratamento Intensivo do Hospital (UTI) S\u00e3o Lucas da PUCRS O deputado federal Osmar Terra (MDB), est\u00e1 internado no Hospital S\u00e3o Lucas da Pontif\u00edcia Universidade&hellip;<\/p>\n","protected":false},"author":1,"featured_media":43151,"comment_status":"closed","ping_status":"closed","sticky":false,"template":"","format":"standard","meta":{"_lmt_disableupdate":"","_lmt_disable":"","footnotes":""},"categories":[93],"tags":[3137,5380,3216,2122],"powerkit_post_featured":[],"class_list":{"0":"post-43150","1":"post","2":"type-post","3":"status-publish","4":"format-standard","5":"has-post-thumbnail","7":"category-noticias-rs","8":"tag-covid-19","9":"tag-internado","10":"tag-osmar-terra","11":"tag-porto-alegre"},"modified_by":null,"_links":{"self":[{"href":"https:\/\/radiosolaris.com.br\/beta\/wp-json\/wp\/v2\/posts\/43150","targetHints":{"allow":["GET"]}}],"collection":[{"href":"https:\/\/radiosolaris.com.br\/beta\/wp-json\/wp\/v2\/posts"}],"about":[{"href":"https:\/\/radiosolaris.com.br\/beta\/wp-json\/wp\/v2\/types\/post"}],"author":[{"embeddable":true,"href":"https:\/\/radiosolaris.com.br\/beta\/wp-json\/wp\/v2\/users\/1"}],"replies":[{"embeddable":true,"href":"https:\/\/radiosolaris.com.br\/beta\/wp-json\/wp\/v2\/comments?post=43150"}],"version-history":[{"count":0,"href":"https:\/\/radiosolaris.com.br\/beta\/wp-json\/wp\/v2\/posts\/43150\/revisions"}],"wp:featuredmedia":[{"embeddable":true,"href":"https:\/\/radiosolaris.com.br\/beta\/wp-json\/wp\/v2\/media\/43151"}],"wp:attachment":[{"href":"https:\/\/radiosolaris.com.br\/beta\/wp-json\/wp\/v2\/media?parent=43150"}],"wp:term":[{"taxonomy":"category","embeddable":true,"href":"https:\/\/radiosolaris.com.br\/beta\/wp-json\/wp\/v2\/categories?post=43150"},{"taxonomy":"post_tag","embeddable":true,"href":"https:\/\/radiosolaris.com.br\/beta\/wp-json\/wp\/v2\/tags?post=43150"},{"taxonomy":"powerkit_post_featured","embeddable":true,"href":"https:\/\/radiosolaris.com.br\/beta\/wp-json\/wp\/v2\/powerkit_post_featured?post=43150"}],"curies":[{"name":"wp","href":"https:\/\/api.w.org\/{rel}","templated":true}]}}