{"id":43125,"date":"2020-11-24T07:55:11","date_gmt":"2020-11-24T10:55:11","guid":{"rendered":"https:\/\/radiosolaris.com.br\/beta\/?p=43125"},"modified":"2020-11-24T07:55:12","modified_gmt":"2020-11-24T10:55:12","slug":"estuprador-e-preso-em-flagrante-pela-brigada-militar-de-antonio-prado","status":"publish","type":"post","link":"https:\/\/radiosolaris.com.br\/beta\/estuprador-e-preso-em-flagrante-pela-brigada-militar-de-antonio-prado\/","title":{"rendered":"Estuprador \u00e9 preso em flagrante pela Brigada Militar de Ant\u00f4nio Prado"},"content":{"rendered":"\n<h4 id=\"testemunhas-relataram-o-fato-a-bm\" class=\"wp-block-heading\">Testemunhas relataram o fato a BM<\/h4>\n\n\n\n<p>Acionada por populares no final da tarde desta segunda-feira (23), por volta das 18h10min, a guarni\u00e7\u00e3o da Brigada Militar de Ant\u00f4nio Prado se deslocou ao Bairro Aparecida.<\/p>\n\n\n\n<p>No local, um homem de 40 anos, estava sendo contido pelas pessoas que acionaram a BM. Segundo relatos de testemunhas, o homem teria cometido abuso sexual em um adolescente de 13 anos. O fato teria ocorrido em um potreiro pr\u00f3ximo \u00e0s resid\u00eancias e teria sido presenciado por testemunhas, que detiveram o acusado.<\/p>\n\n\n\n<p>Mediante os fatos, policiais deram voz de pris\u00e3o ao homem, que juntamente com os demais envolvidos, foi conduzido ao plant\u00e3o de Pol\u00edcia Civil de Caxias do Sul.<\/p>\n\n\n\n<p>Com a v\u00edtima foi feita per\u00edcia para confirma\u00e7\u00e3o do abuso, o abusador foi enquadrado por estupro a vulner\u00e1vel e encaminhado ao Pres\u00eddio do Apanhador.<\/p>\n\n\n\n<p>O deflorador tem antecedentes por les\u00e3o corporal, vias de fato, atentado violento ao pudor, viola\u00e7\u00e3o domiciliar e posse irregular de arma de fogo.<\/p>\n\n\n\n<p>Informa\u00e7\u00f5es\/Brigada Militar<\/p>\n\n\n\n<figure class=\"wp-block-image size-large is-style-default\"><img  loading=\"lazy\"  decoding=\"async\"  width=\"600\"  height=\"334\"  src=\"data:image\/png;base64,iVBORw0KGgoAAAANSUhEUgAAAAEAAAABAQMAAAAl21bKAAAAA1BMVEUAAP+KeNJXAAAAAXRSTlMAQObYZgAAAAlwSFlzAAAOxAAADsQBlSsOGwAAAApJREFUCNdjYAAAAAIAAeIhvDMAAAAASUVORK5CYII=\"  alt=\"\"  class=\"wp-image-43126 pk-lazyload\"  data-pk-sizes=\"auto\"  data-ls-sizes=\"auto, (max-width: 600px) 100vw, 600px\"  data-pk-src=\"https:\/\/radiosolaris.com.br\/beta\/wp-content\/uploads\/2020\/11\/crianca-1.jpg\"  data-pk-srcset=\"https:\/\/radiosolaris.com.br\/beta\/wp-content\/uploads\/2020\/11\/crianca-1.jpg 600w, https:\/\/radiosolaris.com.br\/beta\/wp-content\/uploads\/2020\/11\/crianca-1-120x67.jpg 120w, https:\/\/radiosolaris.com.br\/beta\/wp-content\/uploads\/2020\/11\/crianca-1-90x50.jpg 90w, https:\/\/radiosolaris.com.br\/beta\/wp-content\/uploads\/2020\/11\/crianca-1-320x178.jpg 320w, https:\/\/radiosolaris.com.br\/beta\/wp-content\/uploads\/2020\/11\/crianca-1-560x312.jpg 560w, https:\/\/radiosolaris.com.br\/beta\/wp-content\/uploads\/2020\/11\/crianca-1-240x134.jpg 240w, https:\/\/radiosolaris.com.br\/beta\/wp-content\/uploads\/2020\/11\/crianca-1-180x100.jpg 180w\" ><\/figure>\n\n\n\n<p>Imagem Ilustrativa<\/p>\n","protected":false},"excerpt":{"rendered":"<p>Testemunhas relataram o fato a BM Acionada por populares no final da tarde desta segunda-feira (23), por volta das 18h10min, a guarni\u00e7\u00e3o da Brigada Militar de Ant\u00f4nio Prado se deslocou&hellip;<\/p>\n","protected":false},"author":1,"featured_media":43126,"comment_status":"closed","ping_status":"closed","sticky":false,"template":"","format":"standard","meta":{"_lmt_disableupdate":"","_lmt_disable":"","footnotes":""},"categories":[83],"tags":[1466,143,149,742,633,5375],"powerkit_post_featured":[],"class_list":{"0":"post-43125","1":"post","2":"type-post","3":"status-publish","4":"format-standard","5":"has-post-thumbnail","7":"category-serra-gaucha","8":"tag-adolescente","9":"tag-antonio-prado","10":"tag-brigada","11":"tag-estupro","12":"tag-militar","13":"tag-vulneravel"},"modified_by":null,"_links":{"self":[{"href":"https:\/\/radiosolaris.com.br\/beta\/wp-json\/wp\/v2\/posts\/43125","targetHints":{"allow":["GET"]}}],"collection":[{"href":"https:\/\/radiosolaris.com.br\/beta\/wp-json\/wp\/v2\/posts"}],"about":[{"href":"https:\/\/radiosolaris.com.br\/beta\/wp-json\/wp\/v2\/types\/post"}],"author":[{"embeddable":true,"href":"https:\/\/radiosolaris.com.br\/beta\/wp-json\/wp\/v2\/users\/1"}],"replies":[{"embeddable":true,"href":"https:\/\/radiosolaris.com.br\/beta\/wp-json\/wp\/v2\/comments?post=43125"}],"version-history":[{"count":0,"href":"https:\/\/radiosolaris.com.br\/beta\/wp-json\/wp\/v2\/posts\/43125\/revisions"}],"wp:featuredmedia":[{"embeddable":true,"href":"https:\/\/radiosolaris.com.br\/beta\/wp-json\/wp\/v2\/media\/43126"}],"wp:attachment":[{"href":"https:\/\/radiosolaris.com.br\/beta\/wp-json\/wp\/v2\/media?parent=43125"}],"wp:term":[{"taxonomy":"category","embeddable":true,"href":"https:\/\/radiosolaris.com.br\/beta\/wp-json\/wp\/v2\/categories?post=43125"},{"taxonomy":"post_tag","embeddable":true,"href":"https:\/\/radiosolaris.com.br\/beta\/wp-json\/wp\/v2\/tags?post=43125"},{"taxonomy":"powerkit_post_featured","embeddable":true,"href":"https:\/\/radiosolaris.com.br\/beta\/wp-json\/wp\/v2\/powerkit_post_featured?post=43125"}],"curies":[{"name":"wp","href":"https:\/\/api.w.org\/{rel}","templated":true}]}}