{"id":43025,"date":"2020-11-23T08:19:18","date_gmt":"2020-11-23T11:19:18","guid":{"rendered":"https:\/\/radiosolaris.com.br\/beta\/?p=43025"},"modified":"2020-11-23T08:19:20","modified_gmt":"2020-11-23T11:19:20","slug":"veiculo-causa-acidente-e-foge-do-local-em-flores-da-cunha","status":"publish","type":"post","link":"https:\/\/radiosolaris.com.br\/beta\/veiculo-causa-acidente-e-foge-do-local-em-flores-da-cunha\/","title":{"rendered":"Ve\u00edculo causa acidente e foge do local em Flores da Cunha"},"content":{"rendered":"\n<h4 id=\"ocorrencia-foi-atendida-no-comeco-da-noite-deste-domingo-22\" class=\"wp-block-heading\">Ocorr\u00eancia foi atendida no come\u00e7o da noite deste domingo (22)<\/h4>\n\n\n\n<p>Um acidente de tr\u00e2nsito foi registrado por volta das 20h deste domingo (22), na Avenida 25 de Julho, no Centro de Flores da Cunha. De acordo com o Boletim de Ocorr\u00eancia (BO), a Brigada Militar (BM) foi acionada pelo condutor de um Celta, homem de 19 anos.<\/p>\n\n\n\n<p>Ele contou aos policiais que estava com seu ve\u00edculo estacionado e, ao sinalizar que ia ingressar na via, observou um ve\u00edculo que transitava na rua, mas que o mesmo estaria longe e a sinaleira estaria fechada.<\/p>\n\n\n\n<p>Ao acessar a via, ele teria ouvido uma freada, seguida de um impacto na traseira de seu ve\u00edculo, causando danos. Ap\u00f3s o acidente, o ve\u00edculo evadiu-se do local. Ainda de acordo com o jovem, o ve\u00edculo que colidiu na traseira, seria um Fiat Palio Weekend de cor prata.<\/p>\n\n\n\n<p>A BM encontrou no local uma freada de aproximadamente 10 metros. Foi confeccionado o registro de ocorr\u00eancia por fuga de local do acidente e um boletim de ocorr\u00eancia de tr\u00e2nsito.<\/p>\n\n\n\n<figure class=\"wp-block-gallery columns-1 is-cropped wp-block-gallery-1 is-layout-flex wp-block-gallery-is-layout-flex\"><ul class=\"blocks-gallery-grid\"><li class=\"blocks-gallery-item\"><figure><a href=\"https:\/\/radiosolaris.com.br\/beta\/wp-content\/uploads\/2020\/08\/Brigada-Militar-9.jpeg\"><img  decoding=\"async\"  src=\"data:image\/png;base64,iVBORw0KGgoAAAANSUhEUgAAAAEAAAABAQMAAAAl21bKAAAAA1BMVEUAAP+KeNJXAAAAAXRSTlMAQObYZgAAAAlwSFlzAAAOxAAADsQBlSsOGwAAAApJREFUCNdjYAAAAAIAAeIhvDMAAAAASUVORK5CYII=\"  alt=\"\"  data-id=\"35208\"  data-full-url=\"https:\/\/radiosolaris.com.br\/beta\/wp-content\/uploads\/2020\/08\/Brigada-Militar-9.jpeg\"  data-link=\"https:\/\/radiosolaris.com.br\/beta\/homem-suspeito-de-cometer-dois-roubos-em-farmacias-e-preso-em-caxias-do-sul\/brigada-militar-9\/\"  class=\"wp-image-35208 pk-lazyload\"  data-pk-sizes=\"auto\"  data-pk-src=\"https:\/\/radiosolaris.com.br\/beta\/wp-content\/uploads\/2020\/08\/Brigada-Militar-9-1024x682.jpeg\" ><\/a><\/figure><\/li><\/ul><\/figure>\n","protected":false},"excerpt":{"rendered":"<p>Ocorr\u00eancia foi atendida no come\u00e7o da noite deste domingo (22) Um acidente de tr\u00e2nsito foi registrado por volta das 20h deste domingo (22), na Avenida 25 de Julho, no Centro&hellip;<\/p>\n","protected":false},"author":13,"featured_media":35208,"comment_status":"closed","ping_status":"closed","sticky":false,"template":"","format":"standard","meta":{"_lmt_disableupdate":"","_lmt_disable":"","footnotes":""},"categories":[83],"tags":[307,247,2417,3039,114,283],"powerkit_post_featured":[],"class_list":{"0":"post-43025","1":"post","2":"type-post","3":"status-publish","4":"format-standard","5":"has-post-thumbnail","7":"category-serra-gaucha","8":"tag-acidente","9":"tag-brigada-militar","10":"tag-centro","11":"tag-colisao-traseira","12":"tag-flores-da-cunha","13":"tag-serra-gaucha"},"modified_by":"Filipe Brogliatto","_links":{"self":[{"href":"https:\/\/radiosolaris.com.br\/beta\/wp-json\/wp\/v2\/posts\/43025","targetHints":{"allow":["GET"]}}],"collection":[{"href":"https:\/\/radiosolaris.com.br\/beta\/wp-json\/wp\/v2\/posts"}],"about":[{"href":"https:\/\/radiosolaris.com.br\/beta\/wp-json\/wp\/v2\/types\/post"}],"author":[{"embeddable":true,"href":"https:\/\/radiosolaris.com.br\/beta\/wp-json\/wp\/v2\/users\/13"}],"replies":[{"embeddable":true,"href":"https:\/\/radiosolaris.com.br\/beta\/wp-json\/wp\/v2\/comments?post=43025"}],"version-history":[{"count":0,"href":"https:\/\/radiosolaris.com.br\/beta\/wp-json\/wp\/v2\/posts\/43025\/revisions"}],"wp:featuredmedia":[{"embeddable":true,"href":"https:\/\/radiosolaris.com.br\/beta\/wp-json\/wp\/v2\/media\/35208"}],"wp:attachment":[{"href":"https:\/\/radiosolaris.com.br\/beta\/wp-json\/wp\/v2\/media?parent=43025"}],"wp:term":[{"taxonomy":"category","embeddable":true,"href":"https:\/\/radiosolaris.com.br\/beta\/wp-json\/wp\/v2\/categories?post=43025"},{"taxonomy":"post_tag","embeddable":true,"href":"https:\/\/radiosolaris.com.br\/beta\/wp-json\/wp\/v2\/tags?post=43025"},{"taxonomy":"powerkit_post_featured","embeddable":true,"href":"https:\/\/radiosolaris.com.br\/beta\/wp-json\/wp\/v2\/powerkit_post_featured?post=43025"}],"curies":[{"name":"wp","href":"https:\/\/api.w.org\/{rel}","templated":true}]}}