{"id":42994,"date":"2020-11-20T15:27:14","date_gmt":"2020-11-20T18:27:14","guid":{"rendered":"https:\/\/radiosolaris.com.br\/beta\/?p=42994"},"modified":"2020-11-20T15:27:16","modified_gmt":"2020-11-20T18:27:16","slug":"carreta-sai-da-pista-e-cai-na-lateral-da-via-na-rs-122-em-ipe","status":"publish","type":"post","link":"https:\/\/radiosolaris.com.br\/beta\/carreta-sai-da-pista-e-cai-na-lateral-da-via-na-rs-122-em-ipe\/","title":{"rendered":"Carreta sai da pista e cai na lateral da via na RS-122 em Ip\u00ea"},"content":{"rendered":"\n<h4 id=\"ocorrencia-foi-registrada-por-volta-das-13h30min-desta-sexta-feira-20\" class=\"wp-block-heading\">Ocorr\u00eancia foi registrada por volta das 13h30min desta sexta-feira (20)<\/h4>\n\n\n\n<p>No in\u00edcio da tarde desta sexta-feira (20), uma carreta da empresa Tomasi, da cidade de Estrela, caiu na lateral da via na RS-122 em Ip\u00ea. Conforme o motorista do ve\u00edculo, de 63 anos, natural de Minas Gerais, a sa\u00edda de pista ocorreu ap\u00f3s um outro ve\u00edculo, que vinha no outro sentido, invadir a pista contr\u00e1ria.<\/p>\n\n\n\n<p>O fato ocorreu nas proximidades da localidade conhecida como &#8220;porteirinha&#8221;.<\/p>\n\n\n\n<p>Para evitar a colis\u00e3o, o condutor puxou a carreta para a direita, em dire\u00e7\u00e3o \u00e0 lateral da via. N\u00e3o conseguindo controlar o ve\u00edculo, o mesmo acabou caindo na lateral da via.<\/p>\n\n\n\n<p>A carreta possu\u00eda carga de produtos diversos e saiu de Caxias do Sul com destino \u00e0 Guarulhos, em S\u00e3o Paulo.<\/p>\n\n\n\n<figure class=\"wp-block-gallery columns-2 is-cropped wp-block-gallery-1 is-layout-flex wp-block-gallery-is-layout-flex\"><ul class=\"blocks-gallery-grid\"><li class=\"blocks-gallery-item\"><figure><a href=\"https:\/\/radiosolaris.com.br\/beta\/wp-content\/uploads\/2020\/11\/IMG_20201120_145301877_HDR-scaled.jpg\"><img  decoding=\"async\"  src=\"data:image\/png;base64,iVBORw0KGgoAAAANSUhEUgAAAAEAAAABAQMAAAAl21bKAAAAA1BMVEUAAP+KeNJXAAAAAXRSTlMAQObYZgAAAAlwSFlzAAAOxAAADsQBlSsOGwAAAApJREFUCNdjYAAAAAIAAeIhvDMAAAAASUVORK5CYII=\"  alt=\"\"  data-id=\"43000\"  data-full-url=\"https:\/\/radiosolaris.com.br\/beta\/wp-content\/uploads\/2020\/11\/IMG_20201120_145301877_HDR-scaled.jpg\"  data-link=\"https:\/\/radiosolaris.com.br\/beta\/?attachment_id=43000\"  class=\"wp-image-43000 pk-lazyload\"  data-pk-sizes=\"auto\"  data-pk-src=\"https:\/\/radiosolaris.com.br\/beta\/wp-content\/uploads\/2020\/11\/IMG_20201120_145301877_HDR-1024x768.jpg\" ><\/a><figcaption class=\"blocks-gallery-item__caption\">Fonte: Grupo Solaris &#8211; Rep\u00f3rteres Ronei Marc\u00edlio e Luiz Augusto Filipini<\/figcaption><\/figure><\/li><li class=\"blocks-gallery-item\"><figure><a href=\"https:\/\/radiosolaris.com.br\/beta\/wp-content\/uploads\/2020\/11\/IMG_20201120_145305254-scaled.jpg\"><img  decoding=\"async\"  src=\"data:image\/png;base64,iVBORw0KGgoAAAANSUhEUgAAAAEAAAABAQMAAAAl21bKAAAAA1BMVEUAAP+KeNJXAAAAAXRSTlMAQObYZgAAAAlwSFlzAAAOxAAADsQBlSsOGwAAAApJREFUCNdjYAAAAAIAAeIhvDMAAAAASUVORK5CYII=\"  alt=\"\"  data-id=\"43001\"  data-full-url=\"https:\/\/radiosolaris.com.br\/beta\/wp-content\/uploads\/2020\/11\/IMG_20201120_145305254-scaled.jpg\"  data-link=\"https:\/\/radiosolaris.com.br\/beta\/?attachment_id=43001\"  class=\"wp-image-43001 pk-lazyload\"  data-pk-sizes=\"auto\"  data-pk-src=\"https:\/\/radiosolaris.com.br\/beta\/wp-content\/uploads\/2020\/11\/IMG_20201120_145305254-1024x768.jpg\" ><\/a><figcaption class=\"blocks-gallery-item__caption\">Fonte: Grupo Solaris &#8211; Rep\u00f3rteres Ronei Marc\u00edlio e Luiz Augusto Filipini<\/figcaption><\/figure><\/li><\/ul><\/figure>\n\n\n\n<p>Fonte: Grupo Solaris &#8211; Rep\u00f3rteres Ronei Marc\u00edlio e Luiz Augusto Filipini<\/p>\n","protected":false},"excerpt":{"rendered":"<p>Ocorr\u00eancia foi registrada por volta das 13h30min desta sexta-feira (20) No in\u00edcio da tarde desta sexta-feira (20), uma carreta da empresa Tomasi, da cidade de Estrela, caiu na lateral da&hellip;<\/p>\n","protected":false},"author":1,"featured_media":43001,"comment_status":"closed","ping_status":"closed","sticky":false,"template":"","format":"standard","meta":{"_lmt_disableupdate":"","_lmt_disable":"","footnotes":""},"categories":[83],"tags":[904,116,4752,5365],"powerkit_post_featured":[],"class_list":{"0":"post-42994","1":"post","2":"type-post","3":"status-publish","4":"format-standard","5":"has-post-thumbnail","7":"category-serra-gaucha","8":"tag-carreta","9":"tag-ipe","10":"tag-rs-122","11":"tag-saida-de-pista"},"modified_by":null,"_links":{"self":[{"href":"https:\/\/radiosolaris.com.br\/beta\/wp-json\/wp\/v2\/posts\/42994","targetHints":{"allow":["GET"]}}],"collection":[{"href":"https:\/\/radiosolaris.com.br\/beta\/wp-json\/wp\/v2\/posts"}],"about":[{"href":"https:\/\/radiosolaris.com.br\/beta\/wp-json\/wp\/v2\/types\/post"}],"author":[{"embeddable":true,"href":"https:\/\/radiosolaris.com.br\/beta\/wp-json\/wp\/v2\/users\/1"}],"replies":[{"embeddable":true,"href":"https:\/\/radiosolaris.com.br\/beta\/wp-json\/wp\/v2\/comments?post=42994"}],"version-history":[{"count":0,"href":"https:\/\/radiosolaris.com.br\/beta\/wp-json\/wp\/v2\/posts\/42994\/revisions"}],"wp:featuredmedia":[{"embeddable":true,"href":"https:\/\/radiosolaris.com.br\/beta\/wp-json\/wp\/v2\/media\/43001"}],"wp:attachment":[{"href":"https:\/\/radiosolaris.com.br\/beta\/wp-json\/wp\/v2\/media?parent=42994"}],"wp:term":[{"taxonomy":"category","embeddable":true,"href":"https:\/\/radiosolaris.com.br\/beta\/wp-json\/wp\/v2\/categories?post=42994"},{"taxonomy":"post_tag","embeddable":true,"href":"https:\/\/radiosolaris.com.br\/beta\/wp-json\/wp\/v2\/tags?post=42994"},{"taxonomy":"powerkit_post_featured","embeddable":true,"href":"https:\/\/radiosolaris.com.br\/beta\/wp-json\/wp\/v2\/powerkit_post_featured?post=42994"}],"curies":[{"name":"wp","href":"https:\/\/api.w.org\/{rel}","templated":true}]}}