{"id":42545,"date":"2020-11-12T15:48:31","date_gmt":"2020-11-12T18:48:31","guid":{"rendered":"https:\/\/radiosolaris.com.br\/beta\/?p=42545"},"modified":"2020-11-12T15:48:32","modified_gmt":"2020-11-12T18:48:32","slug":"motociclista-morre-em-acidente-na-ers-444-em-bento-goncalves","status":"publish","type":"post","link":"https:\/\/radiosolaris.com.br\/beta\/motociclista-morre-em-acidente-na-ers-444-em-bento-goncalves\/","title":{"rendered":"Motociclista morre em acidente na ERS-444 em Bento Gon\u00e7alves"},"content":{"rendered":"\n<h4 id=\"vitima-colidiu-contra-um-caminhao-na-manha-desta-quinta-feira-na-localidade-de-barracao\" class=\"wp-block-heading\">V\u00edtima colidiu contra um caminh\u00e3o na manh\u00e3 desta quinta-feira na localidade de Barrac\u00e3o<\/h4>\n\n\n\n<p>O motociclista Marciano Roggia, de 44 anos, morreu em um grave acidente por volta das 10h45min desta quinta-feira (12), na altura do km 3 da ERS-444, no trecho de acesso a  localidade de Barrac\u00e3o, em Bento Gon\u00e7alves, nas proximidades da Linha Sertorina. Conforme o Grupo Rodovi\u00e1rio Estadual, um caminh\u00e3o, com placas de Farroupilha, trafegava no sentido Bento Gon\u00e7alves a Farroupilha quando a motocicleta Honda, placas de Bento, ainda por motivos desconhecidos, teria colidido de frente com o caminh\u00e3o.<\/p>\n\n\n\n<p>Com o impacto, a moto foi arremessada e parou em um matagal \u00e0s margens da rodovia. Roggia morreu no local.<\/p>\n\n\n\n<p>Foto: R\u00e1dio Difusora 890\/Divulga\u00e7\u00e3o<\/p>\n\n\n\n<figure class=\"wp-block-image size-large is-resized\"><img  loading=\"lazy\"  decoding=\"async\"  src=\"data:image\/png;base64,iVBORw0KGgoAAAANSUhEUgAAAAEAAAABAQMAAAAl21bKAAAAA1BMVEUAAP+KeNJXAAAAAXRSTlMAQObYZgAAAAlwSFlzAAAOxAAADsQBlSsOGwAAAApJREFUCNdjYAAAAAIAAeIhvDMAAAAASUVORK5CYII=\"  alt=\"\"  class=\"wp-image-42546 pk-lazyload\"  width=\"631\"  height=\"473\"  data-pk-sizes=\"auto\"  data-pk-src=\"https:\/\/radiosolaris.com.br\/beta\/wp-content\/uploads\/2020\/11\/acidente-morte-bento-foto-difusora-1024x768.jpg\" ><figcaption>Marciano Roggia, 44 anos, morreu no local. Moto foi parar \u00e0s margens da rodovia com o impacto<\/figcaption><\/figure>\n","protected":false},"excerpt":{"rendered":"<p>V\u00edtima colidiu contra um caminh\u00e3o na manh\u00e3 desta quinta-feira na localidade de Barrac\u00e3o O motociclista Marciano Roggia, de 44 anos, morreu em um grave acidente por volta das 10h45min desta&hellip;<\/p>\n","protected":false},"author":1,"featured_media":42546,"comment_status":"closed","ping_status":"closed","sticky":false,"template":"","format":"standard","meta":{"_lmt_disableupdate":"","_lmt_disable":"","footnotes":""},"categories":[83],"tags":[307,306,222,425,818],"powerkit_post_featured":[],"class_list":{"0":"post-42545","1":"post","2":"type-post","3":"status-publish","4":"format-standard","5":"has-post-thumbnail","7":"category-serra-gaucha","8":"tag-acidente","9":"tag-bento-goncalves","10":"tag-morte","11":"tag-pre","12":"tag-transito-2"},"modified_by":null,"_links":{"self":[{"href":"https:\/\/radiosolaris.com.br\/beta\/wp-json\/wp\/v2\/posts\/42545","targetHints":{"allow":["GET"]}}],"collection":[{"href":"https:\/\/radiosolaris.com.br\/beta\/wp-json\/wp\/v2\/posts"}],"about":[{"href":"https:\/\/radiosolaris.com.br\/beta\/wp-json\/wp\/v2\/types\/post"}],"author":[{"embeddable":true,"href":"https:\/\/radiosolaris.com.br\/beta\/wp-json\/wp\/v2\/users\/1"}],"replies":[{"embeddable":true,"href":"https:\/\/radiosolaris.com.br\/beta\/wp-json\/wp\/v2\/comments?post=42545"}],"version-history":[{"count":0,"href":"https:\/\/radiosolaris.com.br\/beta\/wp-json\/wp\/v2\/posts\/42545\/revisions"}],"wp:featuredmedia":[{"embeddable":true,"href":"https:\/\/radiosolaris.com.br\/beta\/wp-json\/wp\/v2\/media\/42546"}],"wp:attachment":[{"href":"https:\/\/radiosolaris.com.br\/beta\/wp-json\/wp\/v2\/media?parent=42545"}],"wp:term":[{"taxonomy":"category","embeddable":true,"href":"https:\/\/radiosolaris.com.br\/beta\/wp-json\/wp\/v2\/categories?post=42545"},{"taxonomy":"post_tag","embeddable":true,"href":"https:\/\/radiosolaris.com.br\/beta\/wp-json\/wp\/v2\/tags?post=42545"},{"taxonomy":"powerkit_post_featured","embeddable":true,"href":"https:\/\/radiosolaris.com.br\/beta\/wp-json\/wp\/v2\/powerkit_post_featured?post=42545"}],"curies":[{"name":"wp","href":"https:\/\/api.w.org\/{rel}","templated":true}]}}