{"id":42528,"date":"2020-11-12T14:12:17","date_gmt":"2020-11-12T17:12:17","guid":{"rendered":"https:\/\/radiosolaris.com.br\/beta\/?p=42528"},"modified":"2020-11-13T07:47:15","modified_gmt":"2020-11-13T10:47:15","slug":"42528-2","status":"publish","type":"post","link":"https:\/\/radiosolaris.com.br\/beta\/42528-2\/","title":{"rendered":"CIC Ant\u00f4nio Prado elege novos integrantes do Conselho Executivo"},"content":{"rendered":"\n<h4 id=\"o-novo-presidente-assumira-o-cargo-da-entidade-em-janeiro-de-2021\" class=\"wp-block-heading\">O novo presidente assumir\u00e1 o cargo da entidade em janeiro de 2021.<\/h4>\n\n\n\n<p>Na noite de ter\u00e7a-feira (10), a CIC Ant\u00f4nio Prado realizou as Assembleias Gerais Ordin\u00e1ria e Extraordin\u00e1ria. O evento ocorreu no sal\u00e3o do Clube Uni\u00e3o e cumprindo todas as regras de distanciamento social, capacidade m\u00e1xima de pessoas permitidas, uso obrigat\u00f3rio de m\u00e1scaras e disponibiliza\u00e7\u00e3o de \u00e1lcool em gel.<\/p>\n\n\n\n<p>Na oportunidade, o presidente do conselho deliberativo, Maico Comparin Vicente, apresentou as inscri\u00e7\u00f5es de chapas para o Conselho Executivo da entidade, gest\u00e3o 2021\/2022.<\/p>\n\n\n\n<p>Foi inscrita apenas uma chapa e a mesma foi eleita pelos presentes.<\/p>\n\n\n\n<p>&nbsp;O Conselho Executivo ficou composto:<\/p>\n\n\n\n<ul class=\"wp-block-list\" id=\"block-d00b3ef5-7409-46a4-90de-6bd01bae01c8\"><li>Presidente: Valdemir Ant\u00f4nio Ciconetto, representando a empresa Ciconetto El\u00e9trica Bombas e Motores<\/li><li>Vice-Presidente de Ind\u00fastria: Ademar Zolet, representando a Ind\u00fastria Mec\u00e2nica Zolet Ltda<\/li><li>Vice-Presidente de Com\u00e9rcio: C\u00e1ssio Dalla Costa, representando a empresa Dallamia Produtos Caseiros<\/li><li>Vice-Presidente de Servi\u00e7os: Luiz Carlos Tochetto, representando a empresa Suk\u00e3o Telefonia, Interfonia e Equipe de Seguran\u00e7a Ltda<\/li><li>Vice-Presidente de Agropecu\u00e1ria: Jucilene Bernadi Haas, representando a Sicredi Coop. de Cr\u00e9dito de Livre Admiss\u00e3o de Associados de Ibiraiaras<\/li><li>Vice-Presidente de Turismo: Alexandre Franceschini, representando a empresa CFG Restaurante Ltda.<\/li><\/ul>\n\n\n\n<p>Ap\u00f3s, o atual residente da entidade, Marcelo Maschio Piazza apresentou a constru\u00e7\u00e3o do Centro de Conven\u00e7\u00f5es que ficar\u00e1 localizado junto ao Axten Hotel de Ant\u00f4nio Prado e os valores necess\u00e1rios para a obra. O Centro de Conven\u00e7\u00f5es comportar\u00e1 720 pessoas sentadas, 1.000 pessoas em formato de audit\u00f3rio e 2.000 pessoas em p\u00e9. Tamb\u00e9m foi aprovada pelos associados presentes, altera\u00e7\u00f5es estatut\u00e1rias.<\/p>\n","protected":false},"excerpt":{"rendered":"<p>O novo presidente assumir\u00e1 o cargo da entidade em janeiro de 2021. Na noite de ter\u00e7a-feira (10), a CIC Ant\u00f4nio Prado realizou as Assembleias Gerais Ordin\u00e1ria e Extraordin\u00e1ria. O evento&hellip;<\/p>\n","protected":false},"author":1,"featured_media":42529,"comment_status":"closed","ping_status":"closed","sticky":false,"template":"","format":"standard","meta":{"_lmt_disableupdate":"","_lmt_disable":"","footnotes":""},"categories":[83],"tags":[143,3008,1538,2854,5316,3009,687],"powerkit_post_featured":[],"class_list":{"0":"post-42528","1":"post","2":"type-post","3":"status-publish","4":"format-standard","5":"has-post-thumbnail","7":"category-serra-gaucha","8":"tag-antonio-prado","9":"tag-axten","10":"tag-cic","11":"tag-conselho","12":"tag-deliberativo","13":"tag-hotel","14":"tag-presidente"},"modified_by":null,"_links":{"self":[{"href":"https:\/\/radiosolaris.com.br\/beta\/wp-json\/wp\/v2\/posts\/42528","targetHints":{"allow":["GET"]}}],"collection":[{"href":"https:\/\/radiosolaris.com.br\/beta\/wp-json\/wp\/v2\/posts"}],"about":[{"href":"https:\/\/radiosolaris.com.br\/beta\/wp-json\/wp\/v2\/types\/post"}],"author":[{"embeddable":true,"href":"https:\/\/radiosolaris.com.br\/beta\/wp-json\/wp\/v2\/users\/1"}],"replies":[{"embeddable":true,"href":"https:\/\/radiosolaris.com.br\/beta\/wp-json\/wp\/v2\/comments?post=42528"}],"version-history":[{"count":0,"href":"https:\/\/radiosolaris.com.br\/beta\/wp-json\/wp\/v2\/posts\/42528\/revisions"}],"wp:featuredmedia":[{"embeddable":true,"href":"https:\/\/radiosolaris.com.br\/beta\/wp-json\/wp\/v2\/media\/42529"}],"wp:attachment":[{"href":"https:\/\/radiosolaris.com.br\/beta\/wp-json\/wp\/v2\/media?parent=42528"}],"wp:term":[{"taxonomy":"category","embeddable":true,"href":"https:\/\/radiosolaris.com.br\/beta\/wp-json\/wp\/v2\/categories?post=42528"},{"taxonomy":"post_tag","embeddable":true,"href":"https:\/\/radiosolaris.com.br\/beta\/wp-json\/wp\/v2\/tags?post=42528"},{"taxonomy":"powerkit_post_featured","embeddable":true,"href":"https:\/\/radiosolaris.com.br\/beta\/wp-json\/wp\/v2\/powerkit_post_featured?post=42528"}],"curies":[{"name":"wp","href":"https:\/\/api.w.org\/{rel}","templated":true}]}}