{"id":100509,"date":"2022-11-04T11:37:42","date_gmt":"2022-11-04T14:37:42","guid":{"rendered":"https:\/\/radiosolaris.com.br\/beta\/?p=100509"},"modified":"2022-12-13T15:07:11","modified_gmt":"2022-12-13T18:07:11","slug":"19a-feira-do-livro-de-antonio-prado-inicia-nesta-segunda__trashed","status":"publish","type":"post","link":"https:\/\/radiosolaris.com.br\/beta\/19a-feira-do-livro-de-antonio-prado-inicia-nesta-segunda__trashed\/","title":{"rendered":"19\u00aa Feira do Livro de Ant\u00f4nio Prado inicia nesta segunda"},"content":{"rendered":"\n<h4 id=\"a-feira-contara-nesta-edicao-com-quatro-bancas-e-segue-com-programacao-de-7-a-11-de-novembro-ao-lado-da-prefeitura-e-com-atracoes-no-palco-cultural\" class=\"wp-block-heading\">A Feira contar\u00e1 nesta edi\u00e7\u00e3o com quatro bancas e segue com programa\u00e7\u00e3o de 7 a 11 de novembro ao lado da Prefeitura e com atra\u00e7\u00f5es no Palco Cultural<\/h4>\n\n\n\n<p>Na segunda-feira (7), inicia a 19\u00aa Feira do Livro de Ant\u00f4nio Prado que ocorrer\u00e1 simultaneamente a 7\u00aa FenaMassa no Centro Hist\u00f3rico de Ant\u00f4nio Prado de 7 a 11 de novembro. Nesta edi\u00e7\u00e3o a Feira possui como tema: &#8220;Cultivando a leitura, preservando nossas culturas&#8221;.<\/p>\n\n\n\n<p>Participaram de entrevista no programa Solaris Mais da 97.3FM na manh\u00e3 de hoje (4), a diretora do Departamento de Cultura, Carla Pinheiro e o patrono da Feira, o professor e escritor, Cristiano da Silva Barbosa que divulgaram os atrativos da Feira.<\/p>\n\n\n\n<p>O professor comentou sobre como se sentiu ao receber o convite para ser patrono desta edi\u00e7\u00e3o. &#8220;Eu n\u00e3o esperava, mas \u00e9 o reconhecimento de um trabalho que venho desenvolvendo. H\u00e1 todos os patronos \u00e9 uma forma de reconhecimento e fiquei muito feliz e me senti honrado de receber este convite e poder ajudar na organiza\u00e7\u00e3o desta Feira&#8221;.<\/p>\n\n\n\n<p>Barbosa possui editados cinco livros sendo quatro sobre tradicionalismo e no momento est\u00e1 finalizando dois sobre cr\u00f4nicas e dan\u00e7as tradicionalistas.<\/p>\n\n\n\n<p>A Feira do Livro deste ano acontece em parceria com a FenaMassa e estaremos ocup\u00e1ndo o espa\u00e7o do palco durante a semana em que todas as crian\u00e7as das escolas do munic\u00edpio passar\u00e3o ao menos uma vez pela Feira,&#8221; explica a diretora Carla Pinheiro.<\/p>\n\n\n\n<p>Pinheiro explica que na edi\u00e7\u00e3o deste ano a Feira ocorre no p\u00e1tio ao lado da Prefeitura onde ocorrer\u00e1 a comercializa\u00e7\u00e3o de livros organizadas em quatro bancas com os seguintes expositores: Livraria Mister J\u00fa, Oceano Livros de Lages\/SC, Livraria Cl\u00e1ssica de Caxias do Sul\/RS e uma banca especial voltada aos escritores pradenses.<\/p>\n\n\n\n<p>Haver\u00e1 programa\u00e7\u00e3o da Feira durante todas as noites de segunda a quinta-feira em que restaurantes da FenaMassa tamb\u00e9m estar\u00e3o abertos. &#8220;Ser\u00e1 um passeio muito legal a fam\u00edlia al\u00e9m das crian\u00e7as que participar\u00e3o da Feira&#8221;. A Feira do Livro possui uma parceria com o Sesc Farroupilha que proporcionar\u00e1 diversas atra\u00e7\u00f5es durante a semana.<\/p>\n\n\n\n<p>O patrono explica que as programa\u00e7\u00f5es noturnas da Feira ser\u00e3o voltadas principalmente aos alunos, mas tamb\u00e9m ser\u00e1 aberto \u00e0s fam\u00edlias e visitantes.<\/p>\n\n\n\n<p>Confira a programa\u00e7\u00e3o completa abaixo:<\/p>\n\n\n\n<div data-wp-interactive=\"core\/file\" class=\"wp-block-file\"><object data-wp-bind--hidden=\"!state.hasPdfPreview\" hidden class=\"wp-block-file__embed\" data=\"https:\/\/radiosolaris.com.br\/beta\/wp-content\/uploads\/2022\/11\/Patrono-Cristiano-da-Silva-Barbosa.pdf\" type=\"application\/pdf\" style=\"width:100%;height:600px\" aria-label=\"Incorporado de Patrono-Cristiano-da-Silva-Barbosa.\"><\/object><a id=\"wp-block-file--media-347ba01f-8378-4b52-9bd2-4c2881420b52\" href=\"https:\/\/radiosolaris.com.br\/beta\/wp-content\/uploads\/2022\/11\/Patrono-Cristiano-da-Silva-Barbosa.pdf\">Patrono-Cristiano-da-Silva-Barbosa<\/a><a href=\"https:\/\/radiosolaris.com.br\/beta\/wp-content\/uploads\/2022\/11\/Patrono-Cristiano-da-Silva-Barbosa.pdf\" class=\"wp-block-file__button wp-element-button\" download aria-describedby=\"wp-block-file--media-347ba01f-8378-4b52-9bd2-4c2881420b52\">Baixar<\/a><\/div>\n\n\n\n<figure class=\"wp-block-image\"><img  decoding=\"async\"  src=\"data:image\/png;base64,iVBORw0KGgoAAAANSUhEUgAAAAEAAAABAQMAAAAl21bKAAAAA1BMVEUAAP+KeNJXAAAAAXRSTlMAQObYZgAAAAlwSFlzAAAOxAAADsQBlSsOGwAAAApJREFUCNdjYAAAAAIAAeIhvDMAAAAASUVORK5CYII=\"  alt=\"\"  class=\" pk-lazyload\"  data-pk-sizes=\"auto\"  data-pk-src=\"https:\/\/radiosolaris.com.br\/beta\/4ffc71e4-1200-4e27-866a-08bded057d0d\" ><\/figure>\n\n\n\n<p><\/p>\n\n\n\n<figure class=\"wp-block-image\"><img  decoding=\"async\"  src=\"data:image\/png;base64,iVBORw0KGgoAAAANSUhEUgAAAAEAAAABAQMAAAAl21bKAAAAA1BMVEUAAP+KeNJXAAAAAXRSTlMAQObYZgAAAAlwSFlzAAAOxAAADsQBlSsOGwAAAApJREFUCNdjYAAAAAIAAeIhvDMAAAAASUVORK5CYII=\"  alt=\"\"  class=\" pk-lazyload\"  data-pk-sizes=\"auto\"  data-pk-src=\"https:\/\/radiosolaris.com.br\/beta\/05e5e02d-4804-48b4-b552-29d012600da9\" ><\/figure>\n","protected":false},"excerpt":{"rendered":"<p>A Feira contar\u00e1 nesta edi\u00e7\u00e3o com quatro bancas e segue com programa\u00e7\u00e3o de 7 a 11 de novembro ao lado da Prefeitura e com atra\u00e7\u00f5es no Palco Cultural Na segunda-feira&hellip;<\/p>\n","protected":false},"author":21,"featured_media":0,"comment_status":"open","ping_status":"closed","sticky":false,"template":"","format":"standard","meta":{"_lmt_disableupdate":"","_lmt_disable":"","footnotes":""},"categories":[14258],"tags":[13285,7191],"powerkit_post_featured":[],"class_list":{"0":"post-100509","1":"post","2":"type-post","3":"status-publish","4":"format-standard","6":"category-cultura","7":"tag-19a-feira-do-livro","8":"tag-antonio-prado-4"},"modified_by":null,"_links":{"self":[{"href":"https:\/\/radiosolaris.com.br\/beta\/wp-json\/wp\/v2\/posts\/100509","targetHints":{"allow":["GET"]}}],"collection":[{"href":"https:\/\/radiosolaris.com.br\/beta\/wp-json\/wp\/v2\/posts"}],"about":[{"href":"https:\/\/radiosolaris.com.br\/beta\/wp-json\/wp\/v2\/types\/post"}],"author":[{"embeddable":true,"href":"https:\/\/radiosolaris.com.br\/beta\/wp-json\/wp\/v2\/users\/21"}],"replies":[{"embeddable":true,"href":"https:\/\/radiosolaris.com.br\/beta\/wp-json\/wp\/v2\/comments?post=100509"}],"version-history":[{"count":3,"href":"https:\/\/radiosolaris.com.br\/beta\/wp-json\/wp\/v2\/posts\/100509\/revisions"}],"predecessor-version":[{"id":101492,"href":"https:\/\/radiosolaris.com.br\/beta\/wp-json\/wp\/v2\/posts\/100509\/revisions\/101492"}],"wp:attachment":[{"href":"https:\/\/radiosolaris.com.br\/beta\/wp-json\/wp\/v2\/media?parent=100509"}],"wp:term":[{"taxonomy":"category","embeddable":true,"href":"https:\/\/radiosolaris.com.br\/beta\/wp-json\/wp\/v2\/categories?post=100509"},{"taxonomy":"post_tag","embeddable":true,"href":"https:\/\/radiosolaris.com.br\/beta\/wp-json\/wp\/v2\/tags?post=100509"},{"taxonomy":"powerkit_post_featured","embeddable":true,"href":"https:\/\/radiosolaris.com.br\/beta\/wp-json\/wp\/v2\/powerkit_post_featured?post=100509"}],"curies":[{"name":"wp","href":"https:\/\/api.w.org\/{rel}","templated":true}]}}