{"id":100477,"date":"2022-11-03T16:48:48","date_gmt":"2022-11-03T19:48:48","guid":{"rendered":"https:\/\/radiosolaris.com.br\/beta\/?p=100477"},"modified":"2022-12-13T15:10:03","modified_gmt":"2022-12-13T18:10:03","slug":"animais-morrem-apos-ato-de-crueldade-em-antonio-prado__trashed","status":"publish","type":"post","link":"https:\/\/radiosolaris.com.br\/beta\/animais-morrem-apos-ato-de-crueldade-em-antonio-prado__trashed\/","title":{"rendered":"Animais morrem ap\u00f3s ato de crueldade em Ant\u00f4nio Prado"},"content":{"rendered":"\n<h4 id=\"moradores-do-bairro-aparecida-perderam-6-animais-nas-proximidades-da-unidade-basica-de-saude-aparecida\" class=\"wp-block-heading\">Moradores do bairro Aparecida perderam 6 animais nas proximidades da Unidade B\u00e1sica de Sa\u00fade Aparecida<\/h4>\n\n\n\n<p>O inicio do m\u00eas de novembro foi marcado por um ato de crueldade no qual perderam a vida tr\u00eas cachorros e tr\u00eas gatos em Ant\u00f4nio Prado, nas proximidades da Unidade B\u00e1sica de Sa\u00fade (UBS), Aparecida.<\/p>\n\n\n\n<p>As vitimas foram tr\u00eas cachorros, de Melina Miglioranza, dois deles faleceram na quarta-feira(02), enquanto um deles ainda no s\u00e1bado(29). Rosangela tamb\u00e9m teve a perda de um gato, que foi encontrado morto na segunda-feira(01). Camila, vizinha das comunicantes tamb\u00e9m perdeu um gato, al\u00e9m de outro que n\u00e3o se tem conhecimento do dono.<\/p>\n\n\n\n<p>Devido a perda foi aberto um boletim de ocorr\u00eancia, para que seja investigado e se tome as devidas provid\u00eancias.<\/p>\n\n\n\n<p>Em contato com Miglioranza, que perdeu tr\u00eas cachorros, o medo continua e a inseguran\u00e7a tamb\u00e9m, ap\u00f3s o grande n\u00famero de casos. \u201cSe fosse apenas um ou dois, tudo bem, mas seis animais na mesma regi\u00e3o \u00e9 muito suspeito.\u201d<\/p>\n\n\n\n<p>Os moradores da regi\u00e3o seguem com cuidados devido ao medo de novos casos e aguardam a resolu\u00e7\u00e3o para que tudo volte a normalidade.<\/p>\n\n\n\n<figure class=\"wp-block-gallery has-nested-images columns-1 is-cropped wp-block-gallery-1 is-layout-flex wp-block-gallery-is-layout-flex\">\n<figure class=\"wp-block-image size-large\"><a href=\"https:\/\/radiosolaris.com.br\/beta\/wp-content\/uploads\/2022\/11\/WhatsApp-Image-2022-11-03-at-10.42.53.jpg\"><img  decoding=\"async\"  data-id=\"100480\"  src=\"data:image\/png;base64,iVBORw0KGgoAAAANSUhEUgAAAAEAAAABAQMAAAAl21bKAAAAA1BMVEUAAP+KeNJXAAAAAXRSTlMAQObYZgAAAAlwSFlzAAAOxAAADsQBlSsOGwAAAApJREFUCNdjYAAAAAIAAeIhvDMAAAAASUVORK5CYII=\"  alt=\"\"  class=\"wp-image-100480 pk-lazyload\"  data-pk-sizes=\"auto\"  data-pk-src=\"https:\/\/radiosolaris.com.br\/beta\/wp-content\/uploads\/2022\/11\/WhatsApp-Image-2022-11-03-at-10.42.53.jpg\" ><\/a><\/figure>\n\n\n\n<figure class=\"wp-block-image size-large\"><a href=\"https:\/\/radiosolaris.com.br\/beta\/wp-content\/uploads\/2022\/11\/WhatsApp-Image-2022-11-03-at-10.49.14.jpeg\"><img  decoding=\"async\"  data-id=\"100481\"  src=\"data:image\/png;base64,iVBORw0KGgoAAAANSUhEUgAAAAEAAAABAQMAAAAl21bKAAAAA1BMVEUAAP+KeNJXAAAAAXRSTlMAQObYZgAAAAlwSFlzAAAOxAAADsQBlSsOGwAAAApJREFUCNdjYAAAAAIAAeIhvDMAAAAASUVORK5CYII=\"  alt=\"\"  class=\"wp-image-100481 pk-lazyload\"  data-pk-sizes=\"auto\"  data-pk-src=\"https:\/\/radiosolaris.com.br\/beta\/wp-content\/uploads\/2022\/11\/WhatsApp-Image-2022-11-03-at-10.49.14.jpeg\" ><\/a><\/figure>\n<figcaption class=\"blocks-gallery-caption wp-element-caption\">Imagens: Divulga\u00e7\u00e3o<\/figcaption><\/figure>\n\n\n\n<figure class=\"wp-block-image size-full\"><img  decoding=\"async\"  src=\"data:image\/png;base64,iVBORw0KGgoAAAANSUhEUgAAAAEAAAABAQMAAAAl21bKAAAAA1BMVEUAAP+KeNJXAAAAAXRSTlMAQObYZgAAAAlwSFlzAAAOxAAADsQBlSsOGwAAAApJREFUCNdjYAAAAAIAAeIhvDMAAAAASUVORK5CYII=\"  alt=\"\"  class=\"wp-image-100479 pk-lazyload\"  data-pk-sizes=\"auto\"  data-pk-src=\"https:\/\/radiosolaris.com.br\/beta\/wp-content\/uploads\/2022\/11\/WhatsApp-Image-2022-11-03-at-10.51.52.jpeg\" ><\/figure>\n","protected":false},"excerpt":{"rendered":"<p>Moradores do bairro Aparecida perderam 6 animais nas proximidades da Unidade B\u00e1sica de Sa\u00fade Aparecida O inicio do m\u00eas de novembro foi marcado por um ato de crueldade no qual&hellip;<\/p>\n","protected":false},"author":20,"featured_media":0,"comment_status":"open","ping_status":"closed","sticky":false,"template":"","format":"standard","meta":{"_lmt_disableupdate":"","_lmt_disable":"","footnotes":""},"categories":[14234],"tags":[7191,14854],"powerkit_post_featured":[],"class_list":{"0":"post-100477","1":"post","2":"type-post","3":"status-publish","4":"format-standard","6":"category-seguranca","7":"tag-antonio-prado-4","8":"tag-crueldade-com-animais"},"modified_by":null,"_links":{"self":[{"href":"https:\/\/radiosolaris.com.br\/beta\/wp-json\/wp\/v2\/posts\/100477","targetHints":{"allow":["GET"]}}],"collection":[{"href":"https:\/\/radiosolaris.com.br\/beta\/wp-json\/wp\/v2\/posts"}],"about":[{"href":"https:\/\/radiosolaris.com.br\/beta\/wp-json\/wp\/v2\/types\/post"}],"author":[{"embeddable":true,"href":"https:\/\/radiosolaris.com.br\/beta\/wp-json\/wp\/v2\/users\/20"}],"replies":[{"embeddable":true,"href":"https:\/\/radiosolaris.com.br\/beta\/wp-json\/wp\/v2\/comments?post=100477"}],"version-history":[{"count":1,"href":"https:\/\/radiosolaris.com.br\/beta\/wp-json\/wp\/v2\/posts\/100477\/revisions"}],"predecessor-version":[{"id":100482,"href":"https:\/\/radiosolaris.com.br\/beta\/wp-json\/wp\/v2\/posts\/100477\/revisions\/100482"}],"wp:attachment":[{"href":"https:\/\/radiosolaris.com.br\/beta\/wp-json\/wp\/v2\/media?parent=100477"}],"wp:term":[{"taxonomy":"category","embeddable":true,"href":"https:\/\/radiosolaris.com.br\/beta\/wp-json\/wp\/v2\/categories?post=100477"},{"taxonomy":"post_tag","embeddable":true,"href":"https:\/\/radiosolaris.com.br\/beta\/wp-json\/wp\/v2\/tags?post=100477"},{"taxonomy":"powerkit_post_featured","embeddable":true,"href":"https:\/\/radiosolaris.com.br\/beta\/wp-json\/wp\/v2\/powerkit_post_featured?post=100477"}],"curies":[{"name":"wp","href":"https:\/\/api.w.org\/{rel}","templated":true}]}}