{"id":100452,"date":"2022-11-03T11:23:03","date_gmt":"2022-11-03T14:23:03","guid":{"rendered":"https:\/\/radiosolaris.com.br\/beta\/?p=100452"},"modified":"2022-12-13T15:08:28","modified_gmt":"2022-12-13T18:08:28","slug":"feira-do-livro-ao-ar-livre-ocorre-neste-final-de-semana-em-nova-padua__trashed","status":"publish","type":"post","link":"https:\/\/radiosolaris.com.br\/beta\/feira-do-livro-ao-ar-livre-ocorre-neste-final-de-semana-em-nova-padua__trashed\/","title":{"rendered":"Feira do Livro ao Ar Livre ocorre neste final de semana em Nova P\u00e1dua"},"content":{"rendered":"\n<h4 id=\"a-segunda-edicao-do-evento-ocorre-no-complexo-belvedere-sonda\" class=\"wp-block-heading\">A segunda edi\u00e7\u00e3o do evento ocorre no Complexo Belvedere Sonda<\/h4>\n\n\n\n<p>Ap\u00f3s ser adiada por conta das condi\u00e7\u00f5es clim\u00e1ticas, a 2\u00ba edi\u00e7\u00e3o da Feira do Livro ao Ar Livre de Nova P\u00e1dua ocorre nos dias 5 e 6 de novembro. O evento ocorre no Complexo Belvedere Sonda e caso haja chuva, ser\u00e1 transferido para o Sal\u00e3o Paroquial de Nova P\u00e1dua.<\/p>\n\n\n\n<p>Neste ano, o patrono da Feira ser\u00e1 o artista visual e aquarelista Ant\u00f4nio Giacomin. J\u00e1 o escritor homenageado, ser\u00e1 o professor Jayme Paviani. O evento contar\u00e1 com oficinas, apresenta\u00e7\u00f5es art\u00edsticas e muitos livros dispon\u00edveis para vendas que abrangem diversos p\u00fablicos. No domingo (6), tamb\u00e9m haver\u00e1 recolhimento de \u00f3leo de cozinha e lixo eletr\u00f4nico.<\/p>\n\n\n\n<p><strong>PROGRAMA\u00c7\u00c3O:<br>Dia 05 de Novembro &#8211; S\u00e1bado<\/strong><br>10h &#8211; In\u00edcio da Feira do Livro<br>13h30min &#8211; Oficina de desenho em quadrinhos com Luan Zuchi<br>15h &#8211; Abertura oficial da Feira do Livro com pronunciamento de autoridades<br>15h30min &#8211; Apresenta\u00e7\u00f5es dos alunos das Escolas do Munic\u00edpio<br>16h30min &#8211; M\u00fasica ao vivo com J\u00e9ssica Mileski<br>17h &#8211; M\u00fasica ao vivo com Gabriel Schiavenin<br>18h &#8211; Teatro \u201cA Menina Da Biblioteca\u201d, com o grupo Luz &amp; Cena<\/p>\n\n\n\n<p><strong>Dia 06 de Novembro &#8211; Domingo<\/strong><br>10h &#8211; Abertura da Feira do Livro<br>13h30min &#8211; Oficina e conta\u00e7\u00e3o de hist\u00f3rias com Sirlene Perotti<br>14h30min &#8211; M\u00fasica ao vivo com Mateus e Vanessa \u201cDia Feliz\u201d com brinquedos infl\u00e1veis e atividade \u201cFazendo Arte\u201d com Ateli\u00ea Dani Guarese<br>15h30min &#8211; Roda de conversa e sess\u00e3o de aut\u00f3grafos com o escritor Egui Baldasso, autor do livro \u201cA cr\u00f4nica que me faltava\u201d<br>16h30min &#8211; Show com Maicon e Pontel<\/p>\n","protected":false},"excerpt":{"rendered":"<p>A segunda edi\u00e7\u00e3o do evento ocorre no Complexo Belvedere Sonda Ap\u00f3s ser adiada por conta das condi\u00e7\u00f5es clim\u00e1ticas, a 2\u00ba edi\u00e7\u00e3o da Feira do Livro ao Ar Livre de Nova&hellip;<\/p>\n","protected":false},"author":16,"featured_media":0,"comment_status":"open","ping_status":"closed","sticky":false,"template":"","format":"standard","meta":{"_lmt_disableupdate":"","_lmt_disable":"","footnotes":""},"categories":[14258],"tags":[472,14847,1101,992,283],"powerkit_post_featured":[],"class_list":{"0":"post-100452","1":"post","2":"type-post","3":"status-publish","4":"format-standard","6":"category-cultura","7":"tag-feira-do-livro","8":"tag-feira-do-livro-de-nova-padua","9":"tag-nova-padua-2","10":"tag-serra","11":"tag-serra-gaucha"},"modified_by":null,"_links":{"self":[{"href":"https:\/\/radiosolaris.com.br\/beta\/wp-json\/wp\/v2\/posts\/100452","targetHints":{"allow":["GET"]}}],"collection":[{"href":"https:\/\/radiosolaris.com.br\/beta\/wp-json\/wp\/v2\/posts"}],"about":[{"href":"https:\/\/radiosolaris.com.br\/beta\/wp-json\/wp\/v2\/types\/post"}],"author":[{"embeddable":true,"href":"https:\/\/radiosolaris.com.br\/beta\/wp-json\/wp\/v2\/users\/16"}],"replies":[{"embeddable":true,"href":"https:\/\/radiosolaris.com.br\/beta\/wp-json\/wp\/v2\/comments?post=100452"}],"version-history":[{"count":1,"href":"https:\/\/radiosolaris.com.br\/beta\/wp-json\/wp\/v2\/posts\/100452\/revisions"}],"predecessor-version":[{"id":100453,"href":"https:\/\/radiosolaris.com.br\/beta\/wp-json\/wp\/v2\/posts\/100452\/revisions\/100453"}],"wp:attachment":[{"href":"https:\/\/radiosolaris.com.br\/beta\/wp-json\/wp\/v2\/media?parent=100452"}],"wp:term":[{"taxonomy":"category","embeddable":true,"href":"https:\/\/radiosolaris.com.br\/beta\/wp-json\/wp\/v2\/categories?post=100452"},{"taxonomy":"post_tag","embeddable":true,"href":"https:\/\/radiosolaris.com.br\/beta\/wp-json\/wp\/v2\/tags?post=100452"},{"taxonomy":"powerkit_post_featured","embeddable":true,"href":"https:\/\/radiosolaris.com.br\/beta\/wp-json\/wp\/v2\/powerkit_post_featured?post=100452"}],"curies":[{"name":"wp","href":"https:\/\/api.w.org\/{rel}","templated":true}]}}