{"id":100414,"date":"2022-11-02T10:42:52","date_gmt":"2022-11-02T13:42:52","guid":{"rendered":"https:\/\/radiosolaris.com.br\/beta\/?p=100414"},"modified":"2022-12-13T15:08:55","modified_gmt":"2022-12-13T18:08:55","slug":"apae-pradense-convoca-assembleia-para-eleicao-de-diretoria-executiva-e-conselhos__trashed","status":"publish","type":"post","link":"https:\/\/radiosolaris.com.br\/beta\/apae-pradense-convoca-assembleia-para-eleicao-de-diretoria-executiva-e-conselhos__trashed\/","title":{"rendered":"APAE Pradense convoca Assembleia para elei\u00e7\u00e3o de diretoria executiva e Conselhos"},"content":{"rendered":"\n<h4 id=\"a-assembleia-ocorrera-no-dia-30-de-novembro-as-19h-na-sede-da-entidade\" class=\"wp-block-heading\">A Assembleia ocorrer\u00e1 no dia 30 de novembro, \u00e0s 19h na sede da entidade<\/h4>\n\n\n\n<p>A Associa\u00e7\u00e3o de Pais e Amigos dos Excepcionais (APAE) de Ant\u00f4nio Prado publicou edital de convoca\u00e7\u00e3o para Assembleia Geral Ordin\u00e1ria para elei\u00e7\u00e3o da diretoria executiva e Conselhos de Administra\u00e7\u00e3o e Fiscal da entidade que ocorrer\u00e1 no dia 30 de novembro \u00e0s 19h, na escola.<\/p>\n\n\n\n<p>A Assembleia tratar\u00e1 dos seguintes assuntos:<\/p>\n\n\n\n<p>&#8211; Aprecia\u00e7\u00e3o e aprova\u00e7\u00e3o do relat\u00f3rio de atividades da gest\u00e3o 2022-2024;<\/p>\n\n\n\n<p>&#8211; Aprecia\u00e7\u00e3o e aprova\u00e7\u00e3o das contas e dos exerc\u00edcios 2020\/2022, mediante parecer do Conselho Fiscal;<\/p>\n\n\n\n<p>&#8211; Elei\u00e7\u00e3o da diretoria executiva, Conselho de Administra\u00e7\u00e3o e Conselho Fiscal da APAE de Ant\u00f4nio Prado em cumprimento ao disposto no artigo 25, inciso III e 26 do estatuto padr\u00e3o da APAE do munic\u00edpio;<\/p>\n\n\n\n<p>Em rela\u00e7\u00e3o a elei\u00e7\u00e3o da diretoria e Conselhos as chapas candidatas dever\u00e3o fazer suas inscri\u00e7\u00f5es na Secretaria da APAE at\u00e9 20 dias antes da elei\u00e7\u00e3o que ser\u00e1 realizada entre as chapas devidamente inscritas e homologadas pela comiss\u00e3o eleitoral.<\/p>\n\n\n\n<p>Somente poder\u00e3o integrar a chapa associados especiais que comprovem a matr\u00edcula e a frequ\u00eancia regular a pelo menos um ano nos programas de atendimento da APAE e os associados contribuintes exigindo-se destes serem associados da entidade h\u00e1 no m\u00ednimo um ano, estarem quites com suas obriga\u00e7\u00f5es sociais e financeiras e terem preferencialmente experi\u00eancia diretiva no Movimento Apaeano.<\/p>\n\n\n\n<p>\u00c9 vedada a participa\u00e7\u00e3o de funcion\u00e1rios com v\u00ednculo empregat\u00edcio direto e indireto da APAE na diretoria e Conselhos.<\/p>\n\n\n\n<p>Mais informa\u00e7\u00f5es a APAE pode ser contatada pelo telefone: (54) 3293-1627. O edital pode ser acessado na \u00edntegra abaixo:<\/p>\n","protected":false},"excerpt":{"rendered":"<p>A Assembleia ocorrer\u00e1 no dia 30 de novembro, \u00e0s 19h na sede da entidade A Associa\u00e7\u00e3o de Pais e Amigos dos Excepcionais (APAE) de Ant\u00f4nio Prado publicou edital de convoca\u00e7\u00e3o&hellip;<\/p>\n","protected":false},"author":21,"featured_media":0,"comment_status":"open","ping_status":"closed","sticky":false,"template":"","format":"standard","meta":{"_lmt_disableupdate":"","_lmt_disable":"","footnotes":""},"categories":[87],"tags":[8643,14843,14842,1617],"powerkit_post_featured":[],"class_list":{"0":"post-100414","1":"post","2":"type-post","3":"status-publish","4":"format-standard","6":"category-avisos","7":"tag-apae-antonio-prado","8":"tag-conselho-fiscal-e-administrativo","9":"tag-diretoria-executiva","10":"tag-eleicao"},"modified_by":null,"_links":{"self":[{"href":"https:\/\/radiosolaris.com.br\/beta\/wp-json\/wp\/v2\/posts\/100414","targetHints":{"allow":["GET"]}}],"collection":[{"href":"https:\/\/radiosolaris.com.br\/beta\/wp-json\/wp\/v2\/posts"}],"about":[{"href":"https:\/\/radiosolaris.com.br\/beta\/wp-json\/wp\/v2\/types\/post"}],"author":[{"embeddable":true,"href":"https:\/\/radiosolaris.com.br\/beta\/wp-json\/wp\/v2\/users\/21"}],"replies":[{"embeddable":true,"href":"https:\/\/radiosolaris.com.br\/beta\/wp-json\/wp\/v2\/comments?post=100414"}],"version-history":[{"count":1,"href":"https:\/\/radiosolaris.com.br\/beta\/wp-json\/wp\/v2\/posts\/100414\/revisions"}],"predecessor-version":[{"id":101493,"href":"https:\/\/radiosolaris.com.br\/beta\/wp-json\/wp\/v2\/posts\/100414\/revisions\/101493"}],"wp:attachment":[{"href":"https:\/\/radiosolaris.com.br\/beta\/wp-json\/wp\/v2\/media?parent=100414"}],"wp:term":[{"taxonomy":"category","embeddable":true,"href":"https:\/\/radiosolaris.com.br\/beta\/wp-json\/wp\/v2\/categories?post=100414"},{"taxonomy":"post_tag","embeddable":true,"href":"https:\/\/radiosolaris.com.br\/beta\/wp-json\/wp\/v2\/tags?post=100414"},{"taxonomy":"powerkit_post_featured","embeddable":true,"href":"https:\/\/radiosolaris.com.br\/beta\/wp-json\/wp\/v2\/powerkit_post_featured?post=100414"}],"curies":[{"name":"wp","href":"https:\/\/api.w.org\/{rel}","templated":true}]}}